{"id":316297,"date":"2025-08-03T17:13:09","date_gmt":"2025-08-03T17:13:09","guid":{"rendered":"https:\/\/www.europesays.com\/de\/316297\/"},"modified":"2025-08-03T17:13:09","modified_gmt":"2025-08-03T17:13:09","slug":"einbruch-in-fahrschule-10-000-euro-schaden-ludwigshafen","status":"publish","type":"post","link":"https:\/\/www.europesays.com\/de\/316297\/","title":{"rendered":"Einbruch in Fahrschule \u2013 10.000 Euro Schaden &#8211; Ludwigshafen"},"content":{"rendered":"<p><b\/>Unbekannte sind in eine Fahrschule in der Rheing\u00f6nheimer Stra\u00dfe eingebrochen und stahlen eine gr\u00f6\u00dfere Bargeldsumme. Wie die Polizei mitteilt, ereignete sich die Tat zwischen Donnerstag, 31. Juli, 19.30 Uhr, und Freitag, 1. August, 15.20 Uhr. Die T\u00e4ter hebelten die Eingangst\u00fcr auf und brachen einen Tresor im B\u00fcro auf. Der Schaden bel\u00e4uft sich auf etwa 10.000 Euro.  Zeugen k\u00f6nnen sich telefonisch unter  0621 96324150 oder per E-Mail an piludwigshafen1@polizei.rlp.de melden. <\/p>\n","protected":false},"excerpt":{"rendered":"Unbekannte sind in eine Fahrschule in der Rheing\u00f6nheimer Stra\u00dfe eingebrochen und stahlen eine gr\u00f6\u00dfere Bargeldsumme. Wie die Polizei&hellip;\n","protected":false},"author":2,"featured_media":316298,"comment_status":"","ping_status":"","sticky":false,"template":"","format":"standard","meta":{"footnotes":""},"categories":[1845],"tags":[1634,3364,29,548,663,3934,2641,30,13,4060,25476,2096,14,15,121,12],"class_list":{"0":"post-316297","1":"post","2":"type-post","3":"status-publish","4":"format-standard","5":"has-post-thumbnail","7":"category-mannheim","8":"tag-baden-wuerttemberg","9":"tag-de","10":"tag-deutschland","11":"tag-eu","12":"tag-europa","13":"tag-europe","14":"tag-fahrschule","15":"tag-germany","16":"tag-headlines","17":"tag-lokal","18":"tag-ludwigshafen","19":"tag-mannheim","20":"tag-nachrichten","21":"tag-news","22":"tag-polizei","23":"tag-schlagzeilen"},"share_on_mastodon":{"url":"https:\/\/pubeurope.com\/@de\/114965958259062206","error":""},"_links":{"self":[{"href":"https:\/\/www.europesays.com\/de\/wp-json\/wp\/v2\/posts\/316297","targetHints":{"allow":["GET"]}}],"collection":[{"href":"https:\/\/www.europesays.com\/de\/wp-json\/wp\/v2\/posts"}],"about":[{"href":"https:\/\/www.europesays.com\/de\/wp-json\/wp\/v2\/types\/post"}],"author":[{"embeddable":true,"href":"https:\/\/www.europesays.com\/de\/wp-json\/wp\/v2\/users\/2"}],"replies":[{"embeddable":true,"href":"https:\/\/www.europesays.com\/de\/wp-json\/wp\/v2\/comments?post=316297"}],"version-history":[{"count":0,"href":"https:\/\/www.europesays.com\/de\/wp-json\/wp\/v2\/posts\/316297\/revisions"}],"wp:featuredmedia":[{"embeddable":true,"href":"https:\/\/www.europesays.com\/de\/wp-json\/wp\/v2\/media\/316298"}],"wp:attachment":[{"href":"https:\/\/www.europesays.com\/de\/wp-json\/wp\/v2\/media?parent=316297"}],"wp:term":[{"taxonomy":"category","embeddable":true,"href":"https:\/\/www.europesays.com\/de\/wp-json\/wp\/v2\/categories?post=316297"},{"taxonomy":"post_tag","embeddable":true,"href":"https:\/\/www.europesays.com\/de\/wp-json\/wp\/v2\/tags?post=316297"}],"curies":[{"name":"wp","href":"https:\/\/api.w.org\/{rel}","templated":true}]}}