{"id":316344,"date":"2025-08-03T17:39:56","date_gmt":"2025-08-03T17:39:56","guid":{"rendered":"https:\/\/www.europesays.com\/de\/316344\/"},"modified":"2025-08-03T17:39:56","modified_gmt":"2025-08-03T17:39:56","slug":"wohl-zeitnah-alles-klar-mit-tarek-buchmann","status":"publish","type":"post","link":"https:\/\/www.europesays.com\/de\/316344\/","title":{"rendered":"Wohl zeitnah alles klar mit Tarek Buchmann"},"content":{"rendered":"<p>              Innenverteidiger-Talent hat sich beim FC Bayern schon verabschiedet<\/p>\n<p>\n                  <strong>Autor:<\/strong> Johannes Ketterl<br \/>\n                  <strong>Ver\u00f6ffentlicht:<\/strong> Sonntag, 03.08.25 | 18:45\n                <\/p>\n<p>                <img fetchpriority=\"high\" decoding=\"async\" aria-describedby=\"caption-attachment-338206\" class=\"wp-image-338206 size-full\" src=\"https:\/\/www.europesays.com\/de\/wp-content\/uploads\/2025\/08\/imago1064651130.jpg\" alt=\"\u00a9 IMAGO \/ Lackovic\" width=\"1600\" height=\"1067\"\/><\/p>\n<p id=\"caption-attachment-338206\" class=\"wp-caption-text\">Wohl im Anflug auf N\u00fcrnberg: Tarek Buchmann. \u00a9 IMAGO \/ Lackovic<\/p>\n<p>Der <a href=\"https:\/\/www.liga-zwei.de\/vereine\/1-fc-nuernberg\/\" rel=\"nofollow noopener\" target=\"_blank\">1. FC N\u00fcrnberg<\/a> hat seinen Start in die neue Saison mit der 0:1-Niederlage bei der SV Elversberg verpatzt. Beim Tabellendritten der vergangenen Saison sah es lange nach einem torlosen Unentschieden aus, das f\u00fcr den Club auch nicht unverdient gewesen w\u00e4re, doch letztlich wurde der Mannschaft von Trainer Miroslav Klose wieder einmal eine altbekannte Schw\u00e4che bei Standardsituationen zum Verh\u00e4ngnis.<\/p>\n<p>Unabh\u00e4ngig von der Auftaktpleite, die die Dringlichkeit von Nachbesserungen aber nat\u00fcrlich unterstrichen hat, suchen die N\u00fcrnberger Verantwortlichen um Sportvorstand Joti Chatzialexiou weiterhin nach <a href=\"https:\/\/www.liga-zwei.de\/1-fc-nuernberg-verstaerkung-noch-fuer-alle-mannschaftsteile-geplant\/\" rel=\"nofollow noopener\" target=\"_blank\">Verst\u00e4rkungen f\u00fcr alle Mannschaftsteile<\/a>. Am ehesten abgeschlossen werden kann die Suche wohl in der Innenverteidigung, in der durch die relativ kurzfristig erfolgte Ausleihe von Nick Seidel an den SSV <a href=\"https:\/\/www.liga-zwei.de\/vereine\/jahn-regensburg\/\" rel=\"nofollow noopener\" target=\"_blank\">Jahn Regensburg<\/a> eine Planstelle freigeworden ist.<\/p>\n<p>Zwei Regionalliga-Eins\u00e4tze f\u00fcr den FC Bayern<\/p>\n<p>Diese wird der FCN aller Voraussicht mit einem weiteren Talent besetzen. Denn nachdem in den vergangenen Tagen die Spekulationen bereits Fahrt aufgenommen hatten, verdichten sich nun die Anzeichen daf\u00fcr, dass Tarek Buchmann den FC Bayern M\u00fcnchen verlassen und beim Club anheuern wird. Laut einem Bericht von <a href=\"https:\/\/www.kicker.de\/buchmann-vor-wechsel-zum-fcn-4000000069288\/transfermeldung\" target=\"_blank\" rel=\"noopener nofollow\">kicker.de<\/a> hat sich der 20 Jahre alte Abwehrspieler bereits von seinen M\u00fcnchner Kollegen verabschiedet, sodass der Wechsel aller Voraussicht zeitnah, vermutlich gleich zu Beginn der neuen Woche, \u00fcber die B\u00fchne gehen wird.<\/p>\n<p>Mit Buchmann bekommt Trainer Klose einen hochveranlagten Defensivspieler hinzu, dem in seiner jungen Karriere allerdings das Verletzungspech massiv im Weg stand. In die neue Saison ist der 1,88 Meter gro\u00dfe Rechtsfu\u00df nun aber absprachegem\u00e4\u00df mit zwei 60-Minuten-Eins\u00e4tzen f\u00fcr die zweite Mannschaft des FC Bayern in der Regionalliga gestartet, hat somit die ersten Schritte auf dem Weg zu k\u00f6rperlicher Stabilit\u00e4t bereits erfolgreich gemacht.<\/p>\n<p>Ob der zu erwartende Wechsel nach N\u00fcrnberg fest oder auf Leihbasis erfolgt, ist offen. F\u00fcr eine Leihe m\u00fcsste Buchmann zun\u00e4chst aber seinen Vertrag in M\u00fcnchen \u00fcber 2026 hinaus verl\u00e4ngern.<\/p>\n<p>Mehr News zum Club? Dann folge gerne auch unserer <a href=\"https:\/\/www.facebook.com\/profile.php?id=61554789571958\" target=\"_blank\" rel=\"noopener nofollow\">FCN-Seite auf Facebook<\/a>.<\/p>\n<p><img loading=\"lazy\" decoding=\"async\" src=\"https:\/\/www.europesays.com\/de\/wp-content\/uploads\/2025\/08\/dff00c4fdef6469091d2ca7571811131.gif\" alt=\"&quot;\" width=\"1\" height=\"1\"\/><\/p>\n<p>                <img loading=\"lazy\" width=\"160\" height=\"170\" src=\"https:\/\/www.europesays.com\/de\/wp-content\/uploads\/2025\/05\/avatar_johannes_ketterl-283x300.png\" class=\"db grow\" alt=\"avatar johannes ketterl\" style=\"object-fit:contain; max-width: 80px;\" decoding=\"async\"  \/>            <\/p>\n","protected":false},"excerpt":{"rendered":"Innenverteidiger-Talent hat sich beim FC Bayern schon verabschiedet Autor: Johannes Ketterl Ver\u00f6ffentlicht: Sonntag, 03.08.25 | 18:45 Wohl im&hellip;\n","protected":false},"author":2,"featured_media":316345,"comment_status":"","ping_status":"","sticky":false,"template":"","format":"standard","meta":{"footnotes":""},"categories":[1837],"tags":[783,772,3364,29,458,30,3783,90457],"class_list":{"0":"post-316344","1":"post","2":"type-post","3":"status-publish","4":"format-standard","5":"has-post-thumbnail","7":"category-nuernberg","8":"tag-1-fc-nuernberg","9":"tag-bayern","10":"tag-de","11":"tag-deutschland","12":"tag-fc-bayern-muenchen","13":"tag-germany","14":"tag-nuernberg","15":"tag-tarek-buchmann"},"share_on_mastodon":{"url":"https:\/\/pubeurope.com\/@de\/114966064302456447","error":""},"_links":{"self":[{"href":"https:\/\/www.europesays.com\/de\/wp-json\/wp\/v2\/posts\/316344","targetHints":{"allow":["GET"]}}],"collection":[{"href":"https:\/\/www.europesays.com\/de\/wp-json\/wp\/v2\/posts"}],"about":[{"href":"https:\/\/www.europesays.com\/de\/wp-json\/wp\/v2\/types\/post"}],"author":[{"embeddable":true,"href":"https:\/\/www.europesays.com\/de\/wp-json\/wp\/v2\/users\/2"}],"replies":[{"embeddable":true,"href":"https:\/\/www.europesays.com\/de\/wp-json\/wp\/v2\/comments?post=316344"}],"version-history":[{"count":0,"href":"https:\/\/www.europesays.com\/de\/wp-json\/wp\/v2\/posts\/316344\/revisions"}],"wp:featuredmedia":[{"embeddable":true,"href":"https:\/\/www.europesays.com\/de\/wp-json\/wp\/v2\/media\/316345"}],"wp:attachment":[{"href":"https:\/\/www.europesays.com\/de\/wp-json\/wp\/v2\/media?parent=316344"}],"wp:term":[{"taxonomy":"category","embeddable":true,"href":"https:\/\/www.europesays.com\/de\/wp-json\/wp\/v2\/categories?post=316344"},{"taxonomy":"post_tag","embeddable":true,"href":"https:\/\/www.europesays.com\/de\/wp-json\/wp\/v2\/tags?post=316344"}],"curies":[{"name":"wp","href":"https:\/\/api.w.org\/{rel}","templated":true}]}}