{"id":316402,"date":"2025-08-03T18:14:14","date_gmt":"2025-08-03T18:14:14","guid":{"rendered":"https:\/\/www.europesays.com\/de\/316402\/"},"modified":"2025-08-03T18:14:14","modified_gmt":"2025-08-03T18:14:14","slug":"sommerferien-leseclub-in-der-stadtbuecherei-forchheim","status":"publish","type":"post","link":"https:\/\/www.europesays.com\/de\/316402\/","title":{"rendered":"Sommerferien-Leseclub in der Stadtb\u00fccherei Forchheim"},"content":{"rendered":"<p><a href=\"https:\/\/www.wiesentbote.de\/wb\/wp-content\/uploads\/2025\/07\/Stadtbuecherei_Forchheim_Youth_Bereich.jpg\" rel=\"lightbox[360002] nofollow noopener\" target=\"_blank\"><img loading=\"lazy\" decoding=\"async\" aria-describedby=\"caption-attachment-360003\" class=\"size-medium wp-image-360003 lazy\" src=\"data:image\/svg+xml,%3Csvg%20xmlns=\" http:=\"\" data-src=\"https:\/\/www.europesays.com\/de\/wp-content\/uploads\/2025\/08\/Stadtbuecherei_Forchheim_Youth_Bereich-250x166.jpg\" alt=\"Stadtb\u00fccherei Forchheim.\/Foto: Stadt Forchheim\" width=\"250\" height=\"166\" data- data-\/><\/a><\/p>\n<p id=\"caption-attachment-360003\" class=\"wp-caption-text\">Stadtb\u00fccherei Forchheim.\/Foto: Stadt Forchheim<\/p>\n<p>Kurz vor Beginn der Sommerferien ist es f\u00fcr das Team der Forchheimer Stadtb\u00fccherei gute Tradition zum allj\u00e4hrlichen Sommerferien-Leseclub einzuladen. Unter dem bayernweiten Motto \u201eLesen was geht!\u201c sind alle Sch\u00fcler*innen aufgerufen, sich f\u00fcr diese Aktion anzumelden. Das Prinzip ist einfach: B\u00fccher lesen, B\u00fccher bewerten, Bewertungskarte abgeben, Stempel sammeln und am Ende vielleicht einen tollen Hauptpreis gewinnen! Anmeldungen zum Leseclub sind ab Donnerstag, 24. Juli 2025 in der B\u00fccherei in der Spitalstra\u00dfe 3 m\u00f6glich.<\/p>\n<p>Die Auswahl ist gro\u00df: Gelesen werden k\u00f6nnen fast alle Kinder- und Jugendb\u00fccher der Stadtb\u00fccherei, egal ob Geschichten oder Sachbuch. Die allerneuesten B\u00fccher, die extra f\u00fcr den Sommerferien-Leseclub angeschafft wurden, sind in einem gesonderten Regal ausgestellt. Der Sommerferien-Leseclub begann am Donnerstag, 24.07. und geht bis zum 20.09.2025.<\/p>\n<p>Wer in diesem Zeitraum wenigstens ein Buch gelesen und bewertet hat, wird mit einer Urkunde ausgezeichnet. Wer mindestens drei Buchbewertungen abgibt, landet im Lostopf f\u00fcr die drei Hauptpreise. Wer seine Chance auf einen Preis verdoppeln m\u00f6chte, kann zus\u00e4tzlich noch mindestens einen Kreativbeitrag (z. B. ein Bild \u00fcber eines der gelesenen B\u00fccher) abgeben!<\/p>\n<p>Au\u00dferdem sind alle, die sich beim Sommerferien-Leseclub anmelden, zur Abschlussveranstaltung am Mittwoch, 01. Oktober 2025 um 16.30 Uhr in die Stadtb\u00fccherei eingeladen.<\/p>\n<p>Das k\u00f6nnte Sie ebenfalls interessieren:<\/p>\n","protected":false},"excerpt":{"rendered":"Stadtb\u00fccherei Forchheim.\/Foto: Stadt Forchheim Kurz vor Beginn der Sommerferien ist es f\u00fcr das Team der Forchheimer Stadtb\u00fccherei gute&hellip;\n","protected":false},"author":2,"featured_media":1996,"comment_status":"","ping_status":"","sticky":false,"template":"","format":"standard","meta":{"footnotes":""},"categories":[1774],"tags":[1784,1785,29,214,5709,30,52311,215],"class_list":{"0":"post-316402","1":"post","2":"type-post","3":"status-publish","4":"format-standard","5":"has-post-thumbnail","7":"category-buecher","8":"tag-books","9":"tag-buecher","10":"tag-deutschland","11":"tag-entertainment","12":"tag-forchheim","13":"tag-germany","14":"tag-landkreis-forchheim","15":"tag-unterhaltung"},"share_on_mastodon":{"url":"https:\/\/pubeurope.com\/@de\/114966197983367755","error":""},"_links":{"self":[{"href":"https:\/\/www.europesays.com\/de\/wp-json\/wp\/v2\/posts\/316402","targetHints":{"allow":["GET"]}}],"collection":[{"href":"https:\/\/www.europesays.com\/de\/wp-json\/wp\/v2\/posts"}],"about":[{"href":"https:\/\/www.europesays.com\/de\/wp-json\/wp\/v2\/types\/post"}],"author":[{"embeddable":true,"href":"https:\/\/www.europesays.com\/de\/wp-json\/wp\/v2\/users\/2"}],"replies":[{"embeddable":true,"href":"https:\/\/www.europesays.com\/de\/wp-json\/wp\/v2\/comments?post=316402"}],"version-history":[{"count":0,"href":"https:\/\/www.europesays.com\/de\/wp-json\/wp\/v2\/posts\/316402\/revisions"}],"wp:featuredmedia":[{"embeddable":true,"href":"https:\/\/www.europesays.com\/de\/wp-json\/wp\/v2\/media\/1996"}],"wp:attachment":[{"href":"https:\/\/www.europesays.com\/de\/wp-json\/wp\/v2\/media?parent=316402"}],"wp:term":[{"taxonomy":"category","embeddable":true,"href":"https:\/\/www.europesays.com\/de\/wp-json\/wp\/v2\/categories?post=316402"},{"taxonomy":"post_tag","embeddable":true,"href":"https:\/\/www.europesays.com\/de\/wp-json\/wp\/v2\/tags?post=316402"}],"curies":[{"name":"wp","href":"https:\/\/api.w.org\/{rel}","templated":true}]}}