{"id":316493,"date":"2025-08-03T19:10:12","date_gmt":"2025-08-03T19:10:12","guid":{"rendered":"https:\/\/www.europesays.com\/de\/316493\/"},"modified":"2025-08-03T19:10:12","modified_gmt":"2025-08-03T19:10:12","slug":"niedersachsen-bremen-schlepper-prallt-gegen-emder-schleusentor","status":"publish","type":"post","link":"https:\/\/www.europesays.com\/de\/316493\/","title":{"rendered":"Niedersachsen &#038; Bremen: Schlepper prallt gegen Emder Schleusentor"},"content":{"rendered":"<p>                    Niedersachsen &amp; Bremen<br \/>\n                Schlepper prallt gegen Emder Schleusentor<\/p>\n<p>\t\t\t\t              03.08.2025, 19:21 Uhr<\/p>\n<p><strong>Ein Schlepper geleitet ein Schiff in den Hafen &#8211; und wird dabei gegen das Tor der Gro\u00dfen Seeschleuse gedr\u00fcckt. Der Schaden: wird auf bis zu 500.000 Euro gesch\u00e4tzt.<\/strong><\/p>\n<p>Emden (dpa\/lni) &#8211; Beim Einlaufen eines Schiffes in den Hafen in Emden ist der Schlepper gegen ein Schleusentor geprallt. Er sei augenscheinlich durch die Restgeschwindigkeit des Schiffes gegen das Tor gedr\u00fcckt worden, teilte die Wasserschutzpolizei mit. Taucher begutachteten den Schaden am Tor. Das Ergebnis: Es gibt keine Sch\u00e4den, die den Betrieb der Schleuse aktuell einschr\u00e4nken.\u00a0<\/p>\n<p>Die H\u00f6he des entstandenen Schadens ist allerdings betr\u00e4chtlich. Der Betreiber sch\u00e4tze ihn auf 200.000 Euro bis 500.000 Euro, hie\u00df es. Eine M\u00f6glichkeit sei, die Sch\u00e4den bei der n\u00e4chsten turnusm\u00e4\u00dfigen Wartung zu beheben, sagte ein Sprecher der Wasserschutzpolizei. Der Vorfall passierte am 25. Juli, die Wasserschutzpolizei sei erst Anfang August informiert worden, sagte der Sprecher. Verletzt wurde niemand.<\/p>\n","protected":false},"excerpt":{"rendered":"Niedersachsen &amp; Bremen Schlepper prallt gegen Emder Schleusentor 03.08.2025, 19:21 Uhr Ein Schlepper geleitet ein Schiff in den&hellip;\n","protected":false},"author":2,"featured_media":316494,"comment_status":"","ping_status":"","sticky":false,"template":"","format":"standard","meta":{"footnotes":""},"categories":[1824],"tags":[2420,3364,29,4909,30,1411,38949,90502],"class_list":{"0":"post-316493","1":"post","2":"type-post","3":"status-publish","4":"format-standard","5":"has-post-thumbnail","7":"category-bremen","8":"tag-bremen","9":"tag-de","10":"tag-deutschland","11":"tag-emder","12":"tag-germany","13":"tag-niedersachsen","14":"tag-schlepper","15":"tag-schleusentor"},"share_on_mastodon":{"url":"https:\/\/pubeurope.com\/@de\/114966418217368846","error":""},"_links":{"self":[{"href":"https:\/\/www.europesays.com\/de\/wp-json\/wp\/v2\/posts\/316493","targetHints":{"allow":["GET"]}}],"collection":[{"href":"https:\/\/www.europesays.com\/de\/wp-json\/wp\/v2\/posts"}],"about":[{"href":"https:\/\/www.europesays.com\/de\/wp-json\/wp\/v2\/types\/post"}],"author":[{"embeddable":true,"href":"https:\/\/www.europesays.com\/de\/wp-json\/wp\/v2\/users\/2"}],"replies":[{"embeddable":true,"href":"https:\/\/www.europesays.com\/de\/wp-json\/wp\/v2\/comments?post=316493"}],"version-history":[{"count":0,"href":"https:\/\/www.europesays.com\/de\/wp-json\/wp\/v2\/posts\/316493\/revisions"}],"wp:featuredmedia":[{"embeddable":true,"href":"https:\/\/www.europesays.com\/de\/wp-json\/wp\/v2\/media\/316494"}],"wp:attachment":[{"href":"https:\/\/www.europesays.com\/de\/wp-json\/wp\/v2\/media?parent=316493"}],"wp:term":[{"taxonomy":"category","embeddable":true,"href":"https:\/\/www.europesays.com\/de\/wp-json\/wp\/v2\/categories?post=316493"},{"taxonomy":"post_tag","embeddable":true,"href":"https:\/\/www.europesays.com\/de\/wp-json\/wp\/v2\/tags?post=316493"}],"curies":[{"name":"wp","href":"https:\/\/api.w.org\/{rel}","templated":true}]}}