{"id":316578,"date":"2025-08-03T19:58:14","date_gmt":"2025-08-03T19:58:14","guid":{"rendered":"https:\/\/www.europesays.com\/de\/316578\/"},"modified":"2025-08-03T19:58:14","modified_gmt":"2025-08-03T19:58:14","slug":"ludwigshafen-24-auszubildende-starten-in-ihre-ausbildung-mrn-news-de","status":"publish","type":"post","link":"https:\/\/www.europesays.com\/de\/316578\/","title":{"rendered":"Ludwigshafen \u2013 24 Auszubildende starten in ihre Ausbildung \u2013 \/\/\/ MRN-News.de"},"content":{"rendered":"<p><img loading=\"lazy\" decoding=\"async\" src=\"https:\/\/www.europesays.com\/de\/wp-content\/uploads\/2025\/08\/logo.jpg\" alt=\"\" width=\"900\" height=\"500\" class=\"aligncenter size-full wp-image-596333\"  \/><br \/>Ludwigshafen\/Metropolregion Rhein-Neckar \u2013 Ehrung der Absolvent*innen und Begr\u00fc\u00dfung der<br \/>neuen Auszubildenden<\/p>\n<p>Mit einem feierlichen Empfang im Wilhelm-Hack-Museum am<br \/>Freitag, 1. August 2025, hat Bereichs- und Ausbildungsleiter<br \/>Peter Schmidt im Namen der Oberb\u00fcrgermeisterin weitere<br \/>24 neue Auszubildende bei der Stadtverwaltung Ludwigshafen<br \/>begr\u00fc\u00dft. Zu diesem Anlass begl\u00fcckw\u00fcnschte und ehrte er<br \/>zugleich 22 erfolgreiche Absolvent*innen, die ihre Ausbildung<br \/>abgeschlossen haben.<\/p>\n<p>Bereits am 1. Juli 2025 waren bei einem Empfang zw\u00f6lf<br \/>neue Beamtenanw\u00e4rter*innen von Oberb\u00fcrgermeisterin Jutta<br \/>Steinruck bei der Stadtverwaltung begr\u00fc\u00dft worden. Weitere<br \/>17 duale Studierende starten zum 1. September 2025 und<br \/>1. Oktober 2025. Insgesamt beginnen im Ausbildungsjahr<br \/>2025\/26 53 neue Auszubildende, Beamtenanw\u00e4rter*innen und<br \/>Studierende ihre Ausbildung beziehungsweise ihr duales<br \/>Studium bei der Stadtverwaltung. Damit liegt die Ausbildungs-<br \/>quote weiter auf hohem Niveau.<\/p>\n<p>Gemeinsam mit Kolleg*innen vom Ausbildungsteam Talentwerk<br \/>beim Bereich Personal, des Personalrats, der Jugend- und<br \/>Auszubildendenvertretung, der Gleichstellungsstelle sowie der<br \/>Schwerbehindertenvertretung nahm Ausbildungsleiter Peter<br \/>Schmidt die Nachwuchskr\u00e4fte herzlichst in Empfang: &#8222;Der<br \/>Einstieg in den \u00f6ffentlichen Dienst ist ein bedeutender Schritt \u2013<br \/>f\u00fcr Sie pers\u00f6nlich, aber auch f\u00fcr unsere Gemeinschaft. Sie trag-<br \/>en dazu bei, dass unsere Stadt lebenswert bleibt, dass unsere<br \/>Dienstleistungen zuverl\u00e4ssig erbracht werden und dass wir<br \/>gemeinsam an einer besseren Zukunft arbeiten. Sie werden Teil<br \/>eines Teams, das sich f\u00fcr die Belange unserer B\u00fcrger*innen<br \/>einsetzt. Dabei stehen Ihnen erfahrene Kolleg*innen zur Seite,<br \/>die Sie auf Ihrem Weg begleiten und unterst\u00fctzen. Ich w\u00fcnsche<br \/>Ihnen viel Erfolg, Freude an Ihrer Arbeit und spannende<br \/>Erfahrungen. Wie man es richtig macht, k\u00f6nnen Sie anhand der<br \/>heute anwesenden Absolvent*innen sehen. Sie haben<br \/>erfolgreich ihre Ausbildung beendet und sind bereits als<br \/>wertvolle Kolleg*innen im Einsatz f\u00fcr die Stadt Ludwigshafen<br \/>und die Menschen, die hier leben. Auch Ihnen m\u00f6chte ich mit<br \/>auf Ihren Weg geben, weiterhin engagiert zu bleiben. Noch nie<br \/>war die Chance gr\u00f6\u00dfer, beruflich voranzukommen und<br \/>aufzusteigen. Der Weg ist vorbereitet, gehen m\u00fcssen Sie ihn<br \/>selbst. Ich w\u00fcnsche Ihnen viel Freude und Erfolg in unserer<br \/>Verwaltung.&#8220;<\/p>\n<p>Auch der Vorsitzende des Personalrates, Michael Steitz,<br \/>gratulierte den Absolvent*innen: &#8222;Uns vom PR freut es ganz<br \/>besonders, dass die Absolvent*innen, die erfolgreich ihre<br \/>Pr\u00fcfung abgelegt haben, alle \u00fcbernommen wurden. Die erste<br \/>Sprosse der Karriereleiter ist somit erklommen und hoffentlich<br \/>kommen noch einige Sprossen dazu. Ich w\u00fcnsche Euch alles<br \/>erdenklich Gute und viel Erfolg daf\u00fcr.&#8220; An die neuen<br \/>Auszubildenden gerichtet sagte er: &#8222;Im Hier und Jetzt<br \/>angekommen bedeutet f\u00fcr Euch, ab heute ein Teil unserer<br \/>Stadtverwaltung zu sein. Es liegt nun auch an Euch, was ihr<br \/>daraus macht. Dazu w\u00fcnsche ich Euch viel Erfolg und vor allen<br \/>Dingen Freude und dass der Spa\u00df dabei nicht zu kurz kommt.&#8220;<\/p>\n<p>Hintergrund<br \/>Seit dem Jahr 1997 beginnen j\u00e4hrlich zwischen 30 und 60<br \/>Nachwuchskr\u00e4fte bei der Stadt Ludwigshafen ihre Ausbildung.<br \/>Im Vorjahr 2024 waren es 61 junge Frauen und M\u00e4nner, 2023<br \/>lag ihre Zahl bei 52. Die Stadtverwaltung Ludwigshafen bildet in<br \/>21 verschiedenen Ausbildungsberufen aus.<\/p>\n<p>Ins Gespr\u00e4ch kommen auf der Sprungbrett-Messe<br \/>Informationen aus erster Hand zu allen 21 Ausbildungsberufen<br \/>beziehungsweise dualen Studieng\u00e4ngen gibt es im September<br \/>2025 auch auf der Sprungbrett-Messe in der Eberthalle. Dort<br \/>pr\u00e4sentiert sich die Stadtverwaltung Ludwigshafen am Freitag<br \/>und Samstag, 26. und 27. September 2025. Interessierte<br \/>k\u00f6nnen bei dieser Gelegenheit mit Kolleg*innen aus dem<br \/>TalentWerk, dem Bereich IT-Service, dem Bereich<br \/>Kindertagesst\u00e4tten, dem Wirtschaftsbetrieb Ludwigshafen sowie<br \/>dem Kommunalen Vollzugsdienst ins Gespr\u00e4ch kommen.<\/p>\n<p>Bewerbungen f\u00fcr das Einstellungsjahr 2026 k\u00f6nnen jederzeit<br \/>\u00fcber das Online-Bewerbungsportal karriere.ludwigshafen.de<br \/>eingereicht werden. N\u00e4here Informationen zu den<br \/>Ausbildungsm\u00f6glichkeiten sowie zu Stellenausschreibungen gibt<br \/>es unter www.ludwigshafen.de\/karriere.<\/p>\n<p>Einstellungen zum 1. Juli 2025<br \/>\u2013 Zw\u00f6lf Anw\u00e4rter*innen (neun im 3. Einstiegsamt und drei<br \/>im 2. Einstiegsamt)<\/p>\n<p>Einstellungen zum 1. August 2025<br \/>24 neue Nachwuchskr\u00e4fte in 14 Ausbildungsberufen:<br \/>\u2013 Verwaltungsfachangestellte*r, Fachrichtung Kommunal-<br \/>verwaltung (4)<br \/>\u2013 Fachinformatiker*in, Fachrichtung Systemintegration (2)<br \/>\u2013 Fachinformatiker*in, Fachrichtung<br \/>Anwendungsentwicklung (1)<br \/>\u2013 Elektroniker f\u00fcr Betriebstechnik (1)<br \/>\u2013 Fachkraft f\u00fcr Veranstaltungstechnik (1)<br \/>\u2013 Fachangestellte f\u00fcr Medien- und Informationsdienste,<br \/>Fachrichtung Archiv (1)<br \/>\u2013 G\u00e4rtner*in, Fachrichtung Garten- und Landschaftsbau (2)<br \/>\u2013 KFZ-Mechatroniker*in, Fachrichtung<br \/>Personenkraftwagentechnik (1)<br \/>\u2013 Stra\u00dfenbauer*in (3)<br \/>\u2013 Fachangestellte f\u00fcr B\u00e4derbetriebe (2)<br \/>\u2013 Veranstaltungskauffrau*mann (1)<br \/>\u2013 IT-System-Elektroniker*in (1)<br \/>\u2013 Tierpfleger*in (1)<br \/>\u2013 Umwelttechnologe*in f\u00fcr Abwasserbewirtschaftung (2)<br \/>\u2013 Bestattungsfachkraft (1)<\/p>\n<p>17 duale Student*innen wie folgt verteilt:<br \/>Einstellung zum 1. September 2025<br \/>\u2013 Bachelor of Engineering Bauingenieurwesen,<br \/>Fachrichtung Infrastruktur (1)<br \/>Einstellung zum 1. Oktober 2025<br \/>\u2013 Bachelor of Science in Wirtschaftsinformatik,<br \/>Fachrichtung E-Government (1)<br \/>\u2013 Bachelor of Arts in Betriebswirtschaftslehre,<br \/>Fachrichtung \u00d6ffentliche Wirtschaft (1)<br \/>\u2013 Bachelor of Arts in Soziale Arbeit (14)<\/p>\n<p>Hinweis an die Redaktion<br \/>Bilder vom Empfang k\u00f6nnen im Anschluss an die Veranstaltung<br \/>im Pressebereich auf ludwigshafen.de heruntergeladen werden.<\/p>\n<p>Quelle: Stadt Ludwigshafen <\/p>\n","protected":false},"excerpt":{"rendered":"Ludwigshafen\/Metropolregion Rhein-Neckar \u2013 Ehrung der Absolvent*innen und Begr\u00fc\u00dfung derneuen Auszubildenden Mit einem feierlichen Empfang im Wilhelm-Hack-Museum amFreitag, 1.&hellip;\n","protected":false},"author":2,"featured_media":316579,"comment_status":"","ping_status":"","sticky":false,"template":"","format":"standard","meta":{"footnotes":""},"categories":[1845],"tags":[3803,61836,3886,1634,64996,18412,73,68897,8087,3364,29,11691,60602,11045,588,548,663,3934,3236,30,73696,13,259,5998,25476,2096,9834,47,25488,25489,43320,2264,14,14480,15,65116,31296,6989,12501,5206,28951,12,1481,3041,61988,7557,65812,4938,17622,3699,17075,83565,42697,62718,1889],"class_list":{"0":"post-316578","1":"post","2":"type-post","3":"status-publish","4":"format-standard","5":"has-post-thumbnail","7":"category-mannheim","8":"tag-studierende","9":"tag-61836","10":"tag-ausbildung","11":"tag-baden-wuerttemberg","12":"tag-begru00fcu00dfung","13":"tag-bereich","14":"tag-bilder","15":"tag-bu00fcrger","16":"tag-chance","17":"tag-de","18":"tag-deutschland","19":"tag-dienstleistungen","20":"tag-eberthalle","21":"tag-ehrung","22":"tag-einsatz","23":"tag-eu","24":"tag-europa","25":"tag-europe","26":"tag-frauen","27":"tag-germany","28":"tag-gespru00e4ch","29":"tag-headlines","30":"tag-informationen","31":"tag-leben","32":"tag-ludwigshafen","33":"tag-mannheim","34":"tag-menschen","35":"tag-messe","36":"tag-metropolregion","37":"tag-metropolregion-rhein-neckar","38":"tag-mu00e4nner","39":"tag-museum","40":"tag-nachrichten","41":"tag-neckar","42":"tag-news","43":"tag-oberbu00fcrgermeisterin","44":"tag-oktober","45":"tag-online","46":"tag-personal","47":"tag-rhein","48":"tag-rhein-neckar","49":"tag-schlagzeilen","50":"tag-service","51":"tag-stadt","52":"tag-stadt-ludwigshafen","53":"tag-stadtverwaltung","54":"tag-stadtverwaltung-ludwigshafen","55":"tag-studium","56":"tag-system","57":"tag-veranstaltung","58":"tag-verwaltung","59":"tag-vollzugsdienst","60":"tag-vorsitzende","61":"tag-wilhelm-hack-museum","62":"tag-zukunft"},"share_on_mastodon":{"url":"","error":"Validation failed: Text character limit of 500 exceeded"},"_links":{"self":[{"href":"https:\/\/www.europesays.com\/de\/wp-json\/wp\/v2\/posts\/316578","targetHints":{"allow":["GET"]}}],"collection":[{"href":"https:\/\/www.europesays.com\/de\/wp-json\/wp\/v2\/posts"}],"about":[{"href":"https:\/\/www.europesays.com\/de\/wp-json\/wp\/v2\/types\/post"}],"author":[{"embeddable":true,"href":"https:\/\/www.europesays.com\/de\/wp-json\/wp\/v2\/users\/2"}],"replies":[{"embeddable":true,"href":"https:\/\/www.europesays.com\/de\/wp-json\/wp\/v2\/comments?post=316578"}],"version-history":[{"count":0,"href":"https:\/\/www.europesays.com\/de\/wp-json\/wp\/v2\/posts\/316578\/revisions"}],"wp:featuredmedia":[{"embeddable":true,"href":"https:\/\/www.europesays.com\/de\/wp-json\/wp\/v2\/media\/316579"}],"wp:attachment":[{"href":"https:\/\/www.europesays.com\/de\/wp-json\/wp\/v2\/media?parent=316578"}],"wp:term":[{"taxonomy":"category","embeddable":true,"href":"https:\/\/www.europesays.com\/de\/wp-json\/wp\/v2\/categories?post=316578"},{"taxonomy":"post_tag","embeddable":true,"href":"https:\/\/www.europesays.com\/de\/wp-json\/wp\/v2\/tags?post=316578"}],"curies":[{"name":"wp","href":"https:\/\/api.w.org\/{rel}","templated":true}]}}