{"id":316694,"date":"2025-08-03T21:09:10","date_gmt":"2025-08-03T21:09:10","guid":{"rendered":"https:\/\/www.europesays.com\/de\/316694\/"},"modified":"2025-08-03T21:09:10","modified_gmt":"2025-08-03T21:09:10","slug":"zahlreiche-fluechtlinge-vor-kueste-des-jemen-ertrunken","status":"publish","type":"post","link":"https:\/\/www.europesays.com\/de\/316694\/","title":{"rendered":"Zahlreiche Fl\u00fcchtlinge vor K\u00fcste des Jemen ertrunken"},"content":{"rendered":"<p class=\"metatextline\">Stand: 03.08.2025 21:20 Uhr<\/p>\n<p class=\"textabsatz columns twelve  m-ten  m-offset-one l-eight l-offset-two\">\n        <strong>Vor der jemenitischen K\u00fcste ist ein Boot mit 150 Fl\u00fcchtlingen an Bord gekentert. Die Vereinten Nationen sprechen von mindestens 68 Toten. Die Suche nach \u00dcberlebenden l\u00e4uft, Dutzende Menschen werden noch vermisst.<\/strong>\n    <\/p>\n<p class=\"textabsatz m-ten m-offset-one l-eight l-offset-two columns twelve\">\nVor der jemenitischen K\u00fcste sind nach UN-Angaben mindestens 68 afrikanische Fl\u00fcchtlinge bei einem Bootsungl\u00fcck ertrunken. An Bord waren der Internationalen Organisation f\u00fcr Migration (IOM) zufolge rund 150 Menschen, die sich aus Afrika auf den gef\u00e4hrlichen Weg zur arabischen Halbinsel gemacht hatten.<\/p>\n<p class=\"textabsatz m-ten m-offset-one l-eight l-offset-two columns twelve\">\nDas Boot sank Beh\u00f6rden zufolge bei schlechtem Wetter vor der s\u00fcdjemenitischen Provinz Abjan im Arabischen Meer. Zw\u00f6lf Menschen seien bisher gerettet worden, sagte IOM-Chef Abdusattor Esoev der Nachrichtenagentur AP zufolge. 54 Leichen seien im Bezirk Khanfar angesp\u00fclt, 14 weitere an unterschiedlichen Orten gefunden worden.<\/p>\n<p>    Gro\u00dfangelegte Suche eingeleitet<\/p>\n<p class=\"textabsatz m-ten m-offset-one l-eight l-offset-two columns twelve\">\nDutzende Menschen werden noch immer vermisst. Rettungskr\u00e4fte suchten noch immer nach \u00dcberlebenden, hie\u00df es von Sanit\u00e4tern. Die Sicherheitsbeh\u00f6rden der Provinz leiteten nach eigenen Angaben einen gro\u00dfangelegten Sucheinsatz ein, &#8222;um die Leichen einer gro\u00dfen Zahl \u00e4thiopischer Migranten zu bergen&#8220;.<\/p>\n<p class=\"textabsatz m-ten m-offset-one l-eight l-offset-two columns twelve\">\nDer Jemen ist trotz eines seit 2014 andauernden B\u00fcrgerkriegs und einer verheerenden humanit\u00e4ren Lage Ziel vieler Migranten aus afrikanischen L\u00e4ndern, die auf der Suche nach Arbeit auf der arabischen Halbinsel sind. Sie hoffen, vom Jemen aus nach Saudi-Arabien oder in andere reiche \u00d6lstaaten zu gelangen.<\/p>\n<p>    Gef\u00e4hrliche Route durch Meerenge Bab Al-Mandab<\/p>\n<p class=\"textabsatz m-ten m-offset-one l-eight l-offset-two columns twelve\">\nDie Migrationsroute durch die Meerenge Bab Al-Mandab zwischen Dschibuti am Horn von Afrika und dem Jemen gilt nach Angaben der Internationalen Organisation f\u00fcr Migration als eine der gef\u00e4hrlichsten weltweit. Sie wird vor allem von Menschen aus \u00c4thiopien genutzt, die vor K\u00e4mpfen zwischen Regierungstruppen und Rebellen fliehen. Im vergangenen Jahr kamen laut der IOM mehr als 60.000 Migranten im Jemen an.<\/p>\n","protected":false},"excerpt":{"rendered":"Stand: 03.08.2025 21:20 Uhr Vor der jemenitischen K\u00fcste ist ein Boot mit 150 Fl\u00fcchtlingen an Bord gekentert. Die&hellip;\n","protected":false},"author":2,"featured_media":316695,"comment_status":"","ping_status":"","sticky":false,"template":"","format":"standard","meta":{"footnotes":""},"categories":[3],"tags":[76785,13,10544,14,15,12,10,8,9,11,103,104],"class_list":{"0":"post-316694","1":"post","2":"type-post","3":"status-publish","4":"format-standard","5":"has-post-thumbnail","7":"category-welt","8":"tag-bootsunglueck","9":"tag-headlines","10":"tag-jemen","11":"tag-nachrichten","12":"tag-news","13":"tag-schlagzeilen","14":"tag-top-news","15":"tag-top-meldungen","16":"tag-topmeldungen","17":"tag-topnews","18":"tag-welt","19":"tag-world"},"share_on_mastodon":{"url":"https:\/\/pubeurope.com\/@de\/114966886075252171","error":""},"_links":{"self":[{"href":"https:\/\/www.europesays.com\/de\/wp-json\/wp\/v2\/posts\/316694","targetHints":{"allow":["GET"]}}],"collection":[{"href":"https:\/\/www.europesays.com\/de\/wp-json\/wp\/v2\/posts"}],"about":[{"href":"https:\/\/www.europesays.com\/de\/wp-json\/wp\/v2\/types\/post"}],"author":[{"embeddable":true,"href":"https:\/\/www.europesays.com\/de\/wp-json\/wp\/v2\/users\/2"}],"replies":[{"embeddable":true,"href":"https:\/\/www.europesays.com\/de\/wp-json\/wp\/v2\/comments?post=316694"}],"version-history":[{"count":0,"href":"https:\/\/www.europesays.com\/de\/wp-json\/wp\/v2\/posts\/316694\/revisions"}],"wp:featuredmedia":[{"embeddable":true,"href":"https:\/\/www.europesays.com\/de\/wp-json\/wp\/v2\/media\/316695"}],"wp:attachment":[{"href":"https:\/\/www.europesays.com\/de\/wp-json\/wp\/v2\/media?parent=316694"}],"wp:term":[{"taxonomy":"category","embeddable":true,"href":"https:\/\/www.europesays.com\/de\/wp-json\/wp\/v2\/categories?post=316694"},{"taxonomy":"post_tag","embeddable":true,"href":"https:\/\/www.europesays.com\/de\/wp-json\/wp\/v2\/tags?post=316694"}],"curies":[{"name":"wp","href":"https:\/\/api.w.org\/{rel}","templated":true}]}}