{"id":316750,"date":"2025-08-03T21:42:15","date_gmt":"2025-08-03T21:42:15","guid":{"rendered":"https:\/\/www.europesays.com\/de\/316750\/"},"modified":"2025-08-03T21:42:15","modified_gmt":"2025-08-03T21:42:15","slug":"niederkassel-joggerin-von-hund-gebissen","status":"publish","type":"post","link":"https:\/\/www.europesays.com\/de\/316750\/","title":{"rendered":"Niederkassel: Joggerin von Hund gebissen"},"content":{"rendered":"<p class=\"text_ohne_einzug richtext text-em-55 !leading-serif mx-6 desktop:mx-0\">Weil eine 57-J\u00e4hrige von einem Hund angefallen und gebissen worden war, musste sich dessen mutma\u00dflicher Halter, ein 73-J\u00e4hriger, vor dem Amtsgericht Siegburg wegen fahrl\u00e4ssiger K\u00f6rperverletzung verantworten.<\/p>\n<p class=\"richtext text-em-55 !leading-serif mx-6 desktop:mx-0\">Am 16. Juli 2024 joggte die Frau gegen 13 Uhr einen Feldweg in Niederkassel entlang, als sie vor sich einen Hundebesitzer mit zwei nicht angeleinten Hunden bemerkte. Als sie diesen vorbeilief, habe sie \u201eaus dem Augenwinkel heraus bemerkt\u201c, dass der Halter Schwierigkeiten hatte, den gr\u00f6\u00dferen der beiden Hunde zu b\u00e4ndigen, so ihre Schilderung. Der Hund, f\u00fcr den wegen eines Bei\u00dfvorfalls bereits seit November 2021 eine Leinen- und Maulkorbpflicht besteht, sei an ihr hochgesprungen und habe sie in die linke Pobacke gebissen, ihr dabei die Hose zerrissen und eine tiefe Fleischwunde zugef\u00fcgt. Sie forderte daraufhin den Halter auf, die Hunde anzuleinen und wollte seinen Ausweis sehen, den der angeblich nicht bei sich hatte. Sie sagte weiter aus, er habe ihr seinen Namen und seine Adresse mitgeteilt und sie habe sp\u00e4ter beim Googeln herausgefunden, dass es diese Stra\u00dfe am Ort gar nicht gibt. In einer Facebook-Gruppe fragte sie daher die Mitglieder, ob jemand die beiden Hunde und den Halter kenne, nachdem man ihr beim Ordnungsamt nicht habe weiterhelfen k\u00f6nnen. Eine Frau hatte ihr mehrere Fotos einer bestimmten Hunderasse geschickt und nachgefragt, ob sie diesen Hund meine. Als sie das bejahte, schickte die Facebook-Nutzerin ihr auch ein Foto des Mannes und schrieb: \u201eDas ist der Hundebesitzer.\u201c Die Joggerin identifizierte ihn \u201eeindeutig\u201c und erstattete daraufhin Anzeige bei der Polizei. <\/p>\n<p class=\"richtext text-em-55 !leading-serif mx-6 desktop:mx-0\">Der Angeklagte aber sagte nun aus, die Vorw\u00fcrfe gegen ihn seien falsch, denn zum angeblichen Zeitpunkt sei er \u00fcberhaupt nicht an dem angegebenen Ort gewesen. Er wisse nicht, wem die Joggerin begegnet sei. Tats\u00e4chlich erkl\u00e4rten die Tochter und der Schwiegersohn des Angeklagten, dieser habe sie mittags in K\u00f6nigswinter aus einem Hotel abgeholt und nach K\u00f6ln-Porz gebracht, auf dem Weg waren sie sogar geblitzt worden. Anschlie\u00dfend hatte der Angeklagte nach eigenen Angaben noch in verschiedenen Gesch\u00e4ften eingekauft. Da nicht zu kl\u00e4ren war, wie alles zeitlich zusammenpasste, konnte dem 73-J\u00e4hrigen die Anwesenheit auf dem Feldweg nicht sicher nachgewiesen werden, das Verfahren wurde eingestellt.  kie<\/p>\n","protected":false},"excerpt":{"rendered":"Weil eine 57-J\u00e4hrige von einem Hund angefallen und gebissen worden war, musste sich dessen mutma\u00dflicher Halter, ein 73-J\u00e4hriger,&hellip;\n","protected":false},"author":2,"featured_media":316751,"comment_status":"","ping_status":"","sticky":false,"template":"","format":"standard","meta":{"footnotes":""},"categories":[1842],"tags":[1741,3364,29,30,1209],"class_list":{"0":"post-316750","1":"post","2":"type-post","3":"status-publish","4":"format-standard","5":"has-post-thumbnail","7":"category-bonn","8":"tag-bonn","9":"tag-de","10":"tag-deutschland","11":"tag-germany","12":"tag-nordrhein-westfalen"},"share_on_mastodon":{"url":"https:\/\/pubeurope.com\/@de\/114967015764306189","error":""},"_links":{"self":[{"href":"https:\/\/www.europesays.com\/de\/wp-json\/wp\/v2\/posts\/316750","targetHints":{"allow":["GET"]}}],"collection":[{"href":"https:\/\/www.europesays.com\/de\/wp-json\/wp\/v2\/posts"}],"about":[{"href":"https:\/\/www.europesays.com\/de\/wp-json\/wp\/v2\/types\/post"}],"author":[{"embeddable":true,"href":"https:\/\/www.europesays.com\/de\/wp-json\/wp\/v2\/users\/2"}],"replies":[{"embeddable":true,"href":"https:\/\/www.europesays.com\/de\/wp-json\/wp\/v2\/comments?post=316750"}],"version-history":[{"count":0,"href":"https:\/\/www.europesays.com\/de\/wp-json\/wp\/v2\/posts\/316750\/revisions"}],"wp:featuredmedia":[{"embeddable":true,"href":"https:\/\/www.europesays.com\/de\/wp-json\/wp\/v2\/media\/316751"}],"wp:attachment":[{"href":"https:\/\/www.europesays.com\/de\/wp-json\/wp\/v2\/media?parent=316750"}],"wp:term":[{"taxonomy":"category","embeddable":true,"href":"https:\/\/www.europesays.com\/de\/wp-json\/wp\/v2\/categories?post=316750"},{"taxonomy":"post_tag","embeddable":true,"href":"https:\/\/www.europesays.com\/de\/wp-json\/wp\/v2\/tags?post=316750"}],"curies":[{"name":"wp","href":"https:\/\/api.w.org\/{rel}","templated":true}]}}