{"id":316854,"date":"2025-08-03T22:42:10","date_gmt":"2025-08-03T22:42:10","guid":{"rendered":"https:\/\/www.europesays.com\/de\/316854\/"},"modified":"2025-08-03T22:42:10","modified_gmt":"2025-08-03T22:42:10","slug":"rw-wacker-feiert-runden-geburtstag-in-gelsenkirchen","status":"publish","type":"post","link":"https:\/\/www.europesays.com\/de\/316854\/","title":{"rendered":"RW Wacker feiert runden Geburtstag in Gelsenkirchen"},"content":{"rendered":"<p class=\"font-sans font-medium\">Gelsenkirchen. Der Gelsenkirchener Kreisligist hat zum 100-j\u00e4hrigen Bestehen ein Turnier mit sechs Teams veranstaltet. Es gab Top-Stimmung. WAZ-Fotograf Daniel Attila war dabei.<\/p>\n<p>Rot-Wei\u00df <a href=\"https:\/\/www.waz.de\/sport\/lokalsport\/gelsenkirchen\/article409637310\/gelsenkirchener-werden-100-sind-nicht-mehr-der-landesliga-verein.html\" data-category-full-path=\"\/sport\/lokalsport\/gelsenkirchen\/\" data-paid-status=\"premium\" data-article-publish-date=\"1753955100\" rel=\"nofollow noopener\" target=\"_blank\">Wacker Bismarck <\/a>feiert seinen 100. Geburtstag und hat zu einem Jubil\u00e4umsturnier an der Reckfeldstra\u00dfe eingeladen. Der Klub aus dem Haverkamp empfing vier G\u00e4ste-Teams und nahm mit zwei eigenen Mannschaften an dem Turnier teil. Jeder spielte gegen jeden, und nach insgesamt 15 Spielen stand mit dem <a href=\"https:\/\/www.waz.de\/sport\/lokalsport\/gelsenkirchen\/article409397751\/kreispokal-schwere-aufgaben-fuer-wacker-bulmke-und-kirchhellen.html\" data-category-full-path=\"\/sport\/lokalsport\/gelsenkirchen\/\" data-paid-status=\"premium\" data-article-publish-date=\"1751324683\" rel=\"nofollow noopener\" target=\"_blank\">BV Horst S\u00fcd II<\/a> der Turniersieger fest.<\/p>\n<p>Die von Burkay G\u00fcl trainierten Horster holten zehn Punkte aus f\u00fcnf Spielen und mussten sich nur der ersten Mannschaft von<a href=\"https:\/\/www.waz.de\/sport\/lokalsport\/gladbeck\/article406944416\/kreisliga-b2-gladbecker-vereinsduell-steigt-am-1-september.html\" data-category-full-path=\"https:\/\/www.waz.de\/sport\/lokalsport\/gladbeck\/\" data-paid-status=\"default\" data-article-publish-date=\"1723122420\" rel=\"nofollow noopener\" target=\"_blank\"> RW Wacker Bismarck <\/a>(mit 0:2) geschlagen geben. Der Gastgeber blieb unbesiegt und ohne Gegentor, musste sich aber mit Platz zwei begn\u00fcgen. \u201eSo etwas habe ich auch noch nicht erlebt\u201c, merkte RWW-Trainer Christian Schut an. Sein Team kam dreimal nicht \u00fcber ein torloses Unentschieden hinaus und hatte am Ende neun Punkte und 3:0-Tore auf dem Konto.<\/p>\n<p>  Wacker-Reserve \u00fcberrascht und wird Dritter  <\/p>\n<p>Die zweite Mannschaft von RW Wacker \u00fcberraschte und wurde mit ebenfalls neun Punkten Dritter des Turniers. Auf den weiteren R\u00e4ngen folgten Teutonia Schalke II (acht Punkte), SC Westfalia ETuS 04\/31 II (vier Punkte) und Hessler 06 III (ein Punkt).<\/p>\n","protected":false},"excerpt":{"rendered":"Gelsenkirchen. Der Gelsenkirchener Kreisligist hat zum 100-j\u00e4hrigen Bestehen ein Turnier mit sechs Teams veranstaltet. Es gab Top-Stimmung. WAZ-Fotograf&hellip;\n","protected":false},"author":2,"featured_media":316855,"comment_status":"","ping_status":"","sticky":false,"template":"","format":"standard","meta":{"footnotes":""},"categories":[1848],"tags":[3364,29,548,663,3934,3658,30,13,14,15,1209,12],"class_list":{"0":"post-316854","1":"post","2":"type-post","3":"status-publish","4":"format-standard","5":"has-post-thumbnail","7":"category-gelsenkirchen","8":"tag-de","9":"tag-deutschland","10":"tag-eu","11":"tag-europa","12":"tag-europe","13":"tag-gelsenkirchen","14":"tag-germany","15":"tag-headlines","16":"tag-nachrichten","17":"tag-news","18":"tag-nordrhein-westfalen","19":"tag-schlagzeilen"},"share_on_mastodon":{"url":"https:\/\/pubeurope.com\/@de\/114967252411048563","error":""},"_links":{"self":[{"href":"https:\/\/www.europesays.com\/de\/wp-json\/wp\/v2\/posts\/316854","targetHints":{"allow":["GET"]}}],"collection":[{"href":"https:\/\/www.europesays.com\/de\/wp-json\/wp\/v2\/posts"}],"about":[{"href":"https:\/\/www.europesays.com\/de\/wp-json\/wp\/v2\/types\/post"}],"author":[{"embeddable":true,"href":"https:\/\/www.europesays.com\/de\/wp-json\/wp\/v2\/users\/2"}],"replies":[{"embeddable":true,"href":"https:\/\/www.europesays.com\/de\/wp-json\/wp\/v2\/comments?post=316854"}],"version-history":[{"count":0,"href":"https:\/\/www.europesays.com\/de\/wp-json\/wp\/v2\/posts\/316854\/revisions"}],"wp:featuredmedia":[{"embeddable":true,"href":"https:\/\/www.europesays.com\/de\/wp-json\/wp\/v2\/media\/316855"}],"wp:attachment":[{"href":"https:\/\/www.europesays.com\/de\/wp-json\/wp\/v2\/media?parent=316854"}],"wp:term":[{"taxonomy":"category","embeddable":true,"href":"https:\/\/www.europesays.com\/de\/wp-json\/wp\/v2\/categories?post=316854"},{"taxonomy":"post_tag","embeddable":true,"href":"https:\/\/www.europesays.com\/de\/wp-json\/wp\/v2\/tags?post=316854"}],"curies":[{"name":"wp","href":"https:\/\/api.w.org\/{rel}","templated":true}]}}