{"id":316886,"date":"2025-08-03T23:01:13","date_gmt":"2025-08-03T23:01:13","guid":{"rendered":"https:\/\/www.europesays.com\/de\/316886\/"},"modified":"2025-08-03T23:01:13","modified_gmt":"2025-08-03T23:01:13","slug":"tour-de-france-femmes-ferrand-prevot-macht-sich-zur-heldin-frankreichs","status":"publish","type":"post","link":"https:\/\/www.europesays.com\/de\/316886\/","title":{"rendered":"Tour de France Femmes: Ferrand-Pr\u00e9vot macht sich zur Heldin Frankreichs"},"content":{"rendered":"<p class=\"metatextline\">Stand: 03.08.2025 23:52 Uhr<\/p>\n<p class=\"textabsatz columns twelve  m-ten  m-offset-one l-eight l-offset-two\">\n        <strong>Pauline Ferrand-Pr\u00e9vot hat ihre Ank\u00fcndigung wahrgemacht und sich zur ersten franz\u00f6sischen Toursiegerin seit 36 Jahren gekr\u00f6nt. Doch auch die deutschen Fahrerinnen k\u00f6nnen mit ihrer Tour de France Femmes zufrieden sein.<\/strong>\n    <\/p>\n<p class=\"textabsatz m-ten m-offset-one l-eight l-offset-two columns twelve\">\nDie Tr\u00e4nen kamen ihr schon auf den letzten paar hundert Metern: Pauline Ferrand-Pr\u00e9vot hat das geschafft, was sie vollmundig angek\u00fcndigt hatte. Innerhalb von drei Jahren wollte sie die Tour de France Femmes gewinnen, direkt im ersten Jahr ihres Comebacks steht sie nun als beste Fahrerin der Frankreich-Rundfahrt ganz oben auf dem Podest. Und versetzt damit ein ganzes Land in Verz\u00fcckung.<\/p>\n<p class=\"textabsatz m-ten m-offset-one l-eight l-offset-two columns twelve\">\nDazu geh\u00f6rt auch Staatspr\u00e4sident Emmanuel Macron, der Ferrand-Pr\u00e9vot noch in der Mixed Zone w\u00e4hrend der ersten Interviews anrief. Ganz artig bedankte sich Frankreichs neue Radsportheldin f\u00fcr die netten Worte, dann durfte sie sich bei der Siegerehrung endlich feiern lassen. \u00dcbrigens in Anwesenheit von Jeannie Longo, der es als letzte Franz\u00f6sin gelang, die Tour de France zu gewinnen. Das ist 36 Jahre her.<\/p>\n<p>    <a href=\"https:\/\/www.sportschau.de\/podcasts\/tourfunk\/9-etappe-tour-de-france-femmes-frankreichs-traum-wird-wahr,audio-9-etappe-tour-de-france-femmes-frankreichs-traum-wird-wahr-100.html\" target=\"_blank\" rel=\"noopener\"><\/p>\n<p>Sportschau Tourfunk, 03.08.2025 21:35 Uhr<\/p>\n<p>    <\/a><\/p>\n<p>    Die Startnummer 51 bringt Gl\u00fcck<\/p>\n<p class=\"textabsatz m-ten m-offset-one l-eight l-offset-two columns twelve\">\nBei ihrer Triumphfahrt zum Toursieg trug Ferrand-Pr\u00e9vot die Startnummer 51, die ein bisschen den Ruf eines Gl\u00fccksbringers innehat. Das mag daran liegen, dass solch Radsport-Legenden wie Eddie Merckx, Bernard Hinault und auch Bernard Th\u00e9venet, der sich die pers\u00f6nliche Gratulation in Chatel ebenfalls nicht hat nehmen lassen, sie bei ihren Toursiegen ebenfalls schon getragen hatten. Es zeigt aber auch, was die Tour-Organisatoren um Renndirektorin Marion Rousse ihrer Landsfrau im Vorfeld zutrauten.<\/p>\n<p class=\"textabsatz m-ten m-offset-one l-eight l-offset-two columns twelve\">\nMit dem Toursieg hat Ferrand-Pr\u00e9vot ihrer eh schon glanzvollen Karriere \u2013 bevor sie Anfang des Jahres auf die Stra\u00dfe zur\u00fcckkehrte, wurde sie 2024 Olympiasiegerin auf dem Mountainbike \u2013 die Krone aufgesetzt. &#8222;Der Olympiasieg war der Sieg, den ich brauchte, um meine Karriere als erfolgreich bezeichnen zu k\u00f6nnen. Der Sieg bei der Tour de France war dagegen ein Kindheitstraum und eher die K\u00fcr.&#8220; F\u00fcr junge Radsportlerin hatte Ferrand-Pr\u00e9vot dann auch noch eine Botschaft. &#8222;Man muss an seine Tr\u00e4ume glauben und hart daf\u00fcr arbeiten. Selbst wenn man Momente des Zweifels hat, Momente, in denen es einem nicht so gut geht, muss man durchhalten und immer weitermachen.&#8220;<\/p>\n<p>    Die Tour der Franz\u00f6sinnen<\/p>\n<p class=\"textabsatz m-ten m-offset-one l-eight l-offset-two columns twelve\">\n\u00dcberhaupt waren es die Tage der Franz\u00f6sinnen. Vier der neun Etappen gingen an das Mutterland der Tour \u2013 zweimal gewann Ferrand-Pr\u00e9vot, zweimal die junge Maeva Squiban. Und auch in der Gesamtwertung schneidet Frankreich gut ab. Juliette Labous und C\u00e9drine Kerbaol beenden das Rennen als Siebte beziehungsweise Achte, Evit\u00e1 Muzic rundet das gute Ergebnis mit dem zehnten Platz ab. Das fand auch Ferrand-Pr\u00e9vot. &#8222;Es war eindeutig ein gro\u00dfer Erfolg. Die beiden Etappensiege von Ma\u00ebva waren unglaublich. Und auch Juliette hat heute einen super Job gemacht. Unsere Franz\u00f6sinnen fahren wirklich auf einem hohen Niveau.&#8220;<\/p>\n<p class=\"textabsatz m-ten m-offset-one l-eight l-offset-two columns twelve\">\nDemi Vollering und Kasia Niewiadoma-Phinney m\u00fcssen sich dagegen mit den Pl\u00e4tzen hinter Ferrand-Pr\u00e9vot zufrieden geben. W\u00e4hrend aber Vollering das Lachen w\u00e4hrend der Siegerehrung schwerfiel, freute sich Niewiadoma-Phinney, die f\u00fcr das deutsche WorldTour-Team Canyon-SRAM zondacrypto f\u00e4hrt, sichtlich. Beide Fahrerinnen standen seit der Neuauflage der Tour de France Femmes 2022 in jedem Jahr auf dem Podium \u2013 eine beeindruckende Serie.<\/p>\n<p>    Koch f\u00e4hrt ins Rampenlicht<\/p>\n<p class=\"textabsatz--contains-image  m-six l-five textabsatz columns twelve\">\nVon den sieben deutschen Fahrerinnen, die bei der diesj\u00e4hrigen Tour de France Femmes am Start waren, hat sich eine ins Rampenlicht gefahren, die wohl die Wenigsten auf der Rechnung hatten. Dabei reiste Franziska Koch als deutsche Meisterin zur Frankreich-Rundfahrt. Zweimal wurde sie zur aktivsten Fahrerin gek\u00fcrt, nachdem sie etliche Kilometer in Ausrei\u00dfergruppen verbrachte. Die Auszeichnung bedeute ihr viel, wie sie der Sportschau vor Beginn der Etappe erz\u00e4hlte. &#8222;Es hat mir gezeigt, dass man, wenn man sein Herz in die Hand nimmt, auch etwas erreichen kann. Ich nehme wirklich viel Selbstbewusstsein aus Frankreich mit.&#8220; <\/p>\n<p class=\"textabsatz m-ten m-offset-one l-eight l-offset-two columns twelve\">\nDas kann Ricarda Bauernfeind ebenfalls von sich behaupten. Die Tour-Etappensiegerin von 2023 feierte bei der diesj\u00e4hrigen Tour de France Femmes ihr Comeback auf gro\u00dfer B\u00fchne. Fast ein Jahr fiel die 25-J\u00e4hrige wegen einer hartn\u00e4ckigen Knieverletzung aus. Umso beeindruckender ihre Leistung, dank derer auch ihre Kapit\u00e4nin Niewiadoma-Phinney den Sprung auf das Podium schaffte. &#8222;Ich wollte einfach in Chatel \u00fcber die Ziellinie fahren und jetzt habe ich das geschafft. Ich bin jetzt nicht mehr die verletzte Person, das liegt hinter mir&#8220;, so Bauernfeind, die als 32. beste Deutsche in der Gesamtwertung wurde, im Ziel.<\/p>\n<p>    Das h\u00e4rteste Rennen des Jahres<\/p>\n<p class=\"textabsatz m-ten m-offset-one l-eight l-offset-two columns twelve\">\nLiane Lippert muss bei der Frage, wie die Tour f\u00fcr sie war, dagegen erst einmal nachdenken. Das ist wenig \u00fcberraschend, ist doch f\u00fcr ihr Team Movistar nicht alles so gelaufen wie geplant. Eigentlich galt Lipperts Kapit\u00e4nin Marlen Reusser als eine der Favoritinnen auf den Gesamtsieg, w\u00e4hrend die Deutsche vor allem auf den ersten Etappen f\u00fcr Tageserfolge sorgen sollte. Doch erst st\u00fcrzte Lippert zum Auftakt der Tour und dann stieg auch noch Reusser wegen einer Lebensmittelvergiftung aus dem Rennen aus. &#8222;Es ist wirklich schade, dass wir direkt zu Beginn alle Chancen auf das Gesamtklassement verloren haben und ohne Podium nach Hause fahren&#8220;, antwortete sie schlie\u00dflich. &#8222;Aber wir haben das Beste draus gemacht und haben nicht aufgegeben.&#8220;<\/p>\n<p class=\"textabsatz m-ten m-offset-one l-eight l-offset-two columns twelve\">\nDas kann nicht jede von sich behaupten. Zum ersten Mal wurde die Tour de France Femmes \u00fcber neun Tage ausgetragen, von den 154 Starterinnen erreichten 117 das Ziel in Chatel. Ein hartes Rennen, wie auch Clara Koppenburg erz\u00e4hlte. &#8222;In diesem Jahr war wirklich jede Etappe sehr, sehr hart. Es wurde so schnell gefahren und die vergangenen Tage waren noch sehr anspruchsvoll mit den ganzen Bergen&#8220;, so die Fahrerin vom franz\u00f6sischen Team Cofidis, die am Schlusstag ihren 30. Geburtstag feierte.<\/p>\n<p>    Nur Bewunderung f\u00fcr Ferrand-Pr\u00e9vot<\/p>\n<p class=\"textabsatz m-ten m-offset-one l-eight l-offset-two columns twelve\">\nDie deutschen Fahrerinnen haben f\u00fcr Ferrand-Pr\u00e9vot nur Worte der Bewunderung \u00fcbrig. &#8222;Es ist eine der besten Leistungen, die es im Frauenradsport je gab&#8220;, findet Lippert. &#8222;Sie hat das auf jeden Fall verdient. Man h\u00f6rt \u00fcberall ihren Namen und an der ganzen Strecke waren Schilder f\u00fcr sie. Ganz Frankreich ist begeistert&#8220;, beschreibt Koppenburg. Das wird dem Land wohl noch etwas l\u00e4nger bleiben, denn Ferrand-Pr\u00e9vot hat noch einiges vor.<\/p>\n<p class=\"textabsatz m-ten m-offset-one l-eight l-offset-two columns twelve\">&#8222;Ich m\u00f6chte noch die Flandern-Rundfahrt und L\u00fcttich-Bastogne-L\u00fcttich gewinnen. Der Radsport ist einfach mein Leben. Auch wenn ich, um ehrlich zu sein, f\u00fcr diese Tour so hart trainiert habe, dass ich allein beim Gedanken daran, das Gleiche noch einmal zu machen, nur denke: Oh nein, das will ich nicht!&#8220; Sagte Ferrand-Pr\u00e9vot und k\u00fcndigte nach der Pressekonferenz erst einmal an, eine Pizza essen zu wollen. Es sei ihr geg\u00f6nnt.<\/p>\n","protected":false},"excerpt":{"rendered":"Stand: 03.08.2025 23:52 Uhr Pauline Ferrand-Pr\u00e9vot hat ihre Ank\u00fcndigung wahrgemacht und sich zur ersten franz\u00f6sischen Toursiegerin seit 36&hellip;\n","protected":false},"author":2,"featured_media":316887,"comment_status":"","ping_status":"","sticky":false,"template":"","format":"standard","meta":{"footnotes":""},"categories":[3974],"tags":[90468,331,332,548,663,3934,3980,156,13,14,15,9408,12,86405],"class_list":{"0":"post-316886","1":"post","2":"type-post","3":"status-publish","4":"format-standard","5":"has-post-thumbnail","7":"category-frankreich","8":"tag-9-etappe","9":"tag-aktuelle-nachrichten","10":"tag-aktuelle-news","11":"tag-eu","12":"tag-europa","13":"tag-europe","14":"tag-france","15":"tag-frankreich","16":"tag-headlines","17":"tag-nachrichten","18":"tag-news","19":"tag-radsport","20":"tag-schlagzeilen","21":"tag-tour-de-france-femmes"},"share_on_mastodon":{"url":"","error":""},"_links":{"self":[{"href":"https:\/\/www.europesays.com\/de\/wp-json\/wp\/v2\/posts\/316886","targetHints":{"allow":["GET"]}}],"collection":[{"href":"https:\/\/www.europesays.com\/de\/wp-json\/wp\/v2\/posts"}],"about":[{"href":"https:\/\/www.europesays.com\/de\/wp-json\/wp\/v2\/types\/post"}],"author":[{"embeddable":true,"href":"https:\/\/www.europesays.com\/de\/wp-json\/wp\/v2\/users\/2"}],"replies":[{"embeddable":true,"href":"https:\/\/www.europesays.com\/de\/wp-json\/wp\/v2\/comments?post=316886"}],"version-history":[{"count":0,"href":"https:\/\/www.europesays.com\/de\/wp-json\/wp\/v2\/posts\/316886\/revisions"}],"wp:featuredmedia":[{"embeddable":true,"href":"https:\/\/www.europesays.com\/de\/wp-json\/wp\/v2\/media\/316887"}],"wp:attachment":[{"href":"https:\/\/www.europesays.com\/de\/wp-json\/wp\/v2\/media?parent=316886"}],"wp:term":[{"taxonomy":"category","embeddable":true,"href":"https:\/\/www.europesays.com\/de\/wp-json\/wp\/v2\/categories?post=316886"},{"taxonomy":"post_tag","embeddable":true,"href":"https:\/\/www.europesays.com\/de\/wp-json\/wp\/v2\/tags?post=316886"}],"curies":[{"name":"wp","href":"https:\/\/api.w.org\/{rel}","templated":true}]}}