{"id":316999,"date":"2025-08-04T00:05:16","date_gmt":"2025-08-04T00:05:16","guid":{"rendered":"https:\/\/www.europesays.com\/de\/316999\/"},"modified":"2025-08-04T00:05:16","modified_gmt":"2025-08-04T00:05:16","slug":"elina-sturm-engagiert-sich-in-namibia","status":"publish","type":"post","link":"https:\/\/www.europesays.com\/de\/316999\/","title":{"rendered":"Elina Sturm engagiert sich in Namibia"},"content":{"rendered":"<p>    <a href=\"https:\/\/www.hertener-allgemeine.de\/wp-content\/uploads\/2025\/07\/30\/13\/630_0900_4912457_HAl_Herten_Elina_Sturm_Namibia-1648x824.jpg\" target=\"_blank\" rel=\"noopener\"><\/p>\n<p>            <img decoding=\"async\" fetchpriority=\"high\" src=\"https:\/\/www.europesays.com\/de\/wp-content\/uploads\/2025\/08\/630_0900_4912234_HAl_Herten_Elina_Sturm_Namibia-640x428.jpg\" width=\"640\" height=\"428\"  alt=\"Die Hertenerin Elina Sturm hat einen Wasserball-Globus in der Hand und zeigt auf afrikanische Land Namibia.\"\/><\/p>\n<p>    <\/a><br \/>\n    Ein Jahr wird sich Elina Sturm aus Westerholt in der N\u00e4he von Gobabis in Namibia engagieren. \u00a9 Bisch\u00f6fliche Pressestelle<\/p>\n<p class=\"article__teaser-text\">Nach ihrem Abitur wagt Elina Sturm aus Westerholt nun einen gro\u00dfen Schritt: Die 18-J\u00e4hrige wird sich ein Jahr lang in einem Internat in Namibia engagieren.<\/p>\n<p>2 Min Lesezeit<\/p>\n<p>Elina Sturm aus <a target=\"_blank\" href=\"https:\/\/www.hertener-allgemeine.de\/herten\/\" data-imported=\"1\" rel=\"noopener\">Herten<\/a>-Westerholt wagt den Schritt ins Unbekannte. Sie wird sich f\u00fcr ein Jahr in Namibia engagieren \u2013 organisiert durch das Bistum M\u00fcnster. Trotz gelegentlicher Zweifel, wie lange doch ein derartiger Zeitraum werden kann, \u00fcberwiegt die Vorfreude bei der 18-J\u00e4hrigen. \u201eWenn ich erst einmal dort bin, wird die Zeit bestimmt schnell vergehen. Ich freue mich auf viele neue Eindr\u00fccke, Freundschaften und Aufgaben\u201c, erkl\u00e4rt die Westerholterin nach dem bestandenen Abitur voller Spannung und Vorfreude. <\/p>\n<p>Gemeinsam mit Theresa Westmark aus Ostbevern wird Elina Sturm ihren Freiwilligendienst in der Stadt Gobabis antreten, die rund 8400 Kilometer von ihrer Heimat im Ruhrgebiet entfernt liegt. Dieser Einsatz wird innerhalb des \u201eweltw\u00e4rts\u201c-Programms vom Bistum M\u00fcnster koordiniert.<\/p>\n<p>Westerholterin engagiert sich in St. Martinus-Gemeinde<\/p>\n<p>Die junge Westerholterin hatte schon w\u00e4hrend ihrer Schulzeit den Wunsch, nach dem Abitur eine Lernpause einzulegen. Beim Durchst\u00f6bern des Internets stie\u00df sie auf den Freiwilligendienst des Bistums M\u00fcnster. \u201eDie Projekte haben mich direkt angesprochen\u201c, berichtet sie. Besonders wichtig war ihr, etwas mit Kindern zu machen, da sie bereits viel Erfahrung in der Kinder- und Jugendarbeit in ihrer Gemeinde St. Martinus gesammelt hat. Dort wirkte sie als Messdienerin, im Sternsinger-Projekt und leitete Jugendfreizeiten. Auch als Nachhilfelehrerin war sie aktiv, was den Berufswunsch Grundschullehrerin in ihr weckte.<\/p>\n<p><img decoding=\"async\" width=\"1024\" height=\"683\" loading=\"lazy\" src=\"https:\/\/www.europesays.com\/de\/wp-content\/uploads\/2025\/08\/630_0900_4912362_HA_Kinder_Namibia-1024x683.jpg\" alt=\"Kinder albern auf einer Baustelle f\u00fcr ein Kinderzentrum in Namibias Hauptstadt Windhuk auf einer Mauer herum (Foto von 2009). \" class=\"wp-image-8001046254\" title=\"Kinder albern auf einer Baustelle f\u00fcr ein Kinderzentrum in Namibias Hauptstadt Windhuk auf einer Mauer herum (Foto von 2009). \"  \/>In Namibia wird die Westerholterin mit Theresa Westmark in einem Internat das Lehrerkollegium unterst\u00fctzen und Freizeitaktivit\u00e4ten f\u00fcr die Kinder anbieten. (Symbolbild)\u00a9 picture-alliance\/ dpa<\/p>\n<p>Beim Auswahlseminar des Bistums M\u00fcnster erhielt Elina Sturm spannende Einblicke in das Projekt bei Gobabis. Eine junge Frau, die dort ihren Freiwilligendienst absolviert hatte, \u201ehat uns von ihrer T\u00e4tigkeit dort berichtet. Das klang so toll, dass ich unbedingt in das Projekt wollte\u201c, erz\u00e4hlt die Westerholterin begeistert. <\/p>\n<p>Gemeinsam mit Theresa Westmark wird sie bald im Internat der Ordensschwestern das Lehrerkollegium unterst\u00fctzen und Nachmittagsaktivit\u00e4ten f\u00fcr die Kinder anbieten. \u201eIch k\u00f6nnte mir gut vorstellen, mit den Kindern kreativ zu sein: zu basteln, zu malen oder mit Perlen zu arbeiten\u201c, verr\u00e4t sie ihre Pl\u00e4ne.<\/p>\n<p>Neue Menschen und Kulturen kennenlernen<\/p>\n<p>Bereits vor einigen Jahren erlebte Elina Sturm Afrika bei einer Familienreise nach Kenia und Tansania. Dennoch ist Namibia f\u00fcr sie Neuland. Sie ist gespannt auf die Entwicklungsm\u00f6glichkeiten und das Kennenlernen neuer Menschen und Kulturen.<\/p>\n<p> Elina Sturm f\u00fchlt sich durch die Seminare des Bistums gut vorbereitet. \u201eEs war anspruchsvoll, hat aber auch viel Spa\u00df gemacht. Der Austausch hat mich weitergebracht, und wir sind als Gruppe zusammengewachsen\u201c, berichtet sie \u00fcber die Vorbereitungszeit mit den 26 anderen Freiwilligen.<\/p>\n<p>Schon bald tritt Elina Sturm die Reise an und packt ihren Koffer. \u201eNeben Kleidung kommen auf jeden Fall mein Kuscheltier, viele Gl\u00fccksbringer und Briefe von meiner Familie und meinen Freunden mit. Die darf ich aber erst \u00f6ffnen, wenn ich Heimweh habe\u201c, sagt sie gespannt.<\/p>\n<p> Wie es nach dem Jahr f\u00fcr die 18-J\u00e4hrige weitergeht, ist offen. Vielleicht beginnt sie ein Studium zur Grundschullehrerin. \u201eVielleicht wird es nach diesem besonderen Jahr aber auch etwas ganz anderes\u201c, sagt sie l\u00e4chelnd. <\/p>\n<p>Gemeinsame Erlebnisse und Eindr\u00fccke wird sie zusammen mit Theresa Westmark auf Instagram unter \u201ezuzweitinnamibia\u201c teilen.<\/p>\n","protected":false},"excerpt":{"rendered":"Ein Jahr wird sich Elina Sturm aus Westerholt in der N\u00e4he von Gobabis in Namibia engagieren. \u00a9 Bisch\u00f6fliche&hellip;\n","protected":false},"author":2,"featured_media":317000,"comment_status":"","ping_status":"","sticky":false,"template":"","format":"standard","meta":{"footnotes":""},"categories":[1848],"tags":[3364,29,548,663,3934,2507,3658,30,13,14,15,1209,12,40648],"class_list":{"0":"post-316999","1":"post","2":"type-post","3":"status-publish","4":"format-standard","5":"has-post-thumbnail","7":"category-gelsenkirchen","8":"tag-de","9":"tag-deutschland","10":"tag-eu","11":"tag-europa","12":"tag-europe","13":"tag-freizeit","14":"tag-gelsenkirchen","15":"tag-germany","16":"tag-headlines","17":"tag-nachrichten","18":"tag-news","19":"tag-nordrhein-westfalen","20":"tag-schlagzeilen","21":"tag-st-martinus-westerholt"},"share_on_mastodon":{"url":"https:\/\/pubeurope.com\/@de\/114967578191242663","error":""},"_links":{"self":[{"href":"https:\/\/www.europesays.com\/de\/wp-json\/wp\/v2\/posts\/316999","targetHints":{"allow":["GET"]}}],"collection":[{"href":"https:\/\/www.europesays.com\/de\/wp-json\/wp\/v2\/posts"}],"about":[{"href":"https:\/\/www.europesays.com\/de\/wp-json\/wp\/v2\/types\/post"}],"author":[{"embeddable":true,"href":"https:\/\/www.europesays.com\/de\/wp-json\/wp\/v2\/users\/2"}],"replies":[{"embeddable":true,"href":"https:\/\/www.europesays.com\/de\/wp-json\/wp\/v2\/comments?post=316999"}],"version-history":[{"count":0,"href":"https:\/\/www.europesays.com\/de\/wp-json\/wp\/v2\/posts\/316999\/revisions"}],"wp:featuredmedia":[{"embeddable":true,"href":"https:\/\/www.europesays.com\/de\/wp-json\/wp\/v2\/media\/317000"}],"wp:attachment":[{"href":"https:\/\/www.europesays.com\/de\/wp-json\/wp\/v2\/media?parent=316999"}],"wp:term":[{"taxonomy":"category","embeddable":true,"href":"https:\/\/www.europesays.com\/de\/wp-json\/wp\/v2\/categories?post=316999"},{"taxonomy":"post_tag","embeddable":true,"href":"https:\/\/www.europesays.com\/de\/wp-json\/wp\/v2\/tags?post=316999"}],"curies":[{"name":"wp","href":"https:\/\/api.w.org\/{rel}","templated":true}]}}