{"id":317001,"date":"2025-08-04T00:06:18","date_gmt":"2025-08-04T00:06:18","guid":{"rendered":"https:\/\/www.europesays.com\/de\/317001\/"},"modified":"2025-08-04T00:06:18","modified_gmt":"2025-08-04T00:06:18","slug":"fuehrung-im-gutenberg-museum","status":"publish","type":"post","link":"https:\/\/www.europesays.com\/de\/317001\/","title":{"rendered":"F\u00fchrung im Gutenberg-Museum"},"content":{"rendered":"<p class=\"paragraph --regular --color\" data-v-a4a747d8=\"\" data-v-0c32301e=\"\">Im Rahmen der Veranstaltungsreihe \u201eGUTEN Abend im Museum\u201c bietet das Museum am Donnerstag, 14. August, 18 Uhr, Einblicke in die Welt ber\u00fchmter Besucher. Dr. Anett G\u00f6the, Kuratorin der Pressehistorischen und Ostasiatischen Sammlung, leitet die F\u00fchrung durch die Dauerausstellung und berichtet dabei von Audienzen und Geschichten prominenter Protagonisten im Gutenberg-Museum. Dabei geht es um Ritter Theuerdank, Queen Elizabeth II., der K\u00f6nig und die K\u00f6nigin der Belgier sowie Prinzessin Salimah Aga Khan. Die Veranstaltungsreihe stellt verschiedene Museumsobjekte vor und bietet Hintergrundinformationen zu den einzigartigen Sammlungsst\u00fccken. Ein Begr\u00fc\u00dfungsgetr\u00e4nk ist vor Beginn der F\u00fchrung im Preis von 10 Euro inbegriffen. <\/p>\n","protected":false},"excerpt":{"rendered":"Im Rahmen der Veranstaltungsreihe \u201eGUTEN Abend im Museum\u201c bietet das Museum am Donnerstag, 14. August, 18 Uhr, Einblicke&hellip;\n","protected":false},"author":2,"featured_media":49867,"comment_status":"","ping_status":"","sticky":false,"template":"","format":"standard","meta":{"footnotes":""},"categories":[1847],"tags":[5650,5651,5652,5654,5655,3364,29,548,663,3934,30,5660,13,2052,5656,5653,5657,1427,14,15,5659,5658,5661,12,4544,5662],"class_list":{"0":"post-317001","1":"post","2":"type-post","3":"status-publish","4":"format-standard","5":"has-post-thumbnail","7":"category-wiesbaden","8":"tag-alzey","9":"tag-bad-kreuznach","10":"tag-bad-sobernheim","11":"tag-bingen","12":"tag-buerstadt","13":"tag-de","14":"tag-deutschland","15":"tag-eu","16":"tag-europa","17":"tag-europe","18":"tag-germany","19":"tag-guntersblum","20":"tag-headlines","21":"tag-hessen","22":"tag-ingelheim","23":"tag-kirn","24":"tag-lampertheim","25":"tag-mainz","26":"tag-nachrichten","27":"tag-news","28":"tag-nierstein","29":"tag-oppenheim","30":"tag-ruesselsheim","31":"tag-schlagzeilen","32":"tag-wiesbaden","33":"tag-worms"},"share_on_mastodon":{"url":"https:\/\/pubeurope.com\/@de\/114967582167446112","error":""},"_links":{"self":[{"href":"https:\/\/www.europesays.com\/de\/wp-json\/wp\/v2\/posts\/317001","targetHints":{"allow":["GET"]}}],"collection":[{"href":"https:\/\/www.europesays.com\/de\/wp-json\/wp\/v2\/posts"}],"about":[{"href":"https:\/\/www.europesays.com\/de\/wp-json\/wp\/v2\/types\/post"}],"author":[{"embeddable":true,"href":"https:\/\/www.europesays.com\/de\/wp-json\/wp\/v2\/users\/2"}],"replies":[{"embeddable":true,"href":"https:\/\/www.europesays.com\/de\/wp-json\/wp\/v2\/comments?post=317001"}],"version-history":[{"count":0,"href":"https:\/\/www.europesays.com\/de\/wp-json\/wp\/v2\/posts\/317001\/revisions"}],"wp:featuredmedia":[{"embeddable":true,"href":"https:\/\/www.europesays.com\/de\/wp-json\/wp\/v2\/media\/49867"}],"wp:attachment":[{"href":"https:\/\/www.europesays.com\/de\/wp-json\/wp\/v2\/media?parent=317001"}],"wp:term":[{"taxonomy":"category","embeddable":true,"href":"https:\/\/www.europesays.com\/de\/wp-json\/wp\/v2\/categories?post=317001"},{"taxonomy":"post_tag","embeddable":true,"href":"https:\/\/www.europesays.com\/de\/wp-json\/wp\/v2\/tags?post=317001"}],"curies":[{"name":"wp","href":"https:\/\/api.w.org\/{rel}","templated":true}]}}