{"id":317041,"date":"2025-08-04T00:30:35","date_gmt":"2025-08-04T00:30:35","guid":{"rendered":"https:\/\/www.europesays.com\/de\/317041\/"},"modified":"2025-08-04T00:30:35","modified_gmt":"2025-08-04T00:30:35","slug":"22-kunsthandwerkermarkt-in-koenigswinter-radio-bonn-rhein-sieg","status":"publish","type":"post","link":"https:\/\/www.europesays.com\/de\/317041\/","title":{"rendered":"22. Kunsthandwerkermarkt in K\u00f6nigswinter &#8211; Radio Bonn \/ Rhein-Sieg"},"content":{"rendered":"<p>Zum 22. Mal findet die Veranstaltung im Hof und Park von Haus Bachem statt. Mit dabei sind 34 Kunsthandwerker:innen aus der ganzen Region. Sie bieten unter anderem Kunstwerke aus Holz, Filz, Glas, Papier und Keramik an. Bei einer T\u00f6pferei gibt es au\u00dferdem eine Mitmachaktion. Der Kunsthandwerkermarkt in K\u00f6nigswinter beginnt am Samstag und Sonntag (02. + 03.08.) um 11 Uhr.<\/p>\n","protected":false},"excerpt":{"rendered":"Zum 22. Mal findet die Veranstaltung im Hof und Park von Haus Bachem statt. Mit dabei sind 34&hellip;\n","protected":false},"author":2,"featured_media":317042,"comment_status":"","ping_status":"","sticky":false,"template":"","format":"standard","meta":{"footnotes":""},"categories":[1842],"tags":[17628,6479,1741,3364,29,4447,2507,30,1209],"class_list":{"0":"post-317041","1":"post","2":"type-post","3":"status-publish","4":"format-standard","5":"has-post-thumbnail","7":"category-bonn","8":"tag-knigswinter","9":"tag-kunsthandwerkermarkt","10":"tag-bonn","11":"tag-de","12":"tag-deutschland","13":"tag-events","14":"tag-freizeit","15":"tag-germany","16":"tag-nordrhein-westfalen"},"share_on_mastodon":{"url":"https:\/\/pubeurope.com\/@de\/114967676469730482","error":""},"_links":{"self":[{"href":"https:\/\/www.europesays.com\/de\/wp-json\/wp\/v2\/posts\/317041","targetHints":{"allow":["GET"]}}],"collection":[{"href":"https:\/\/www.europesays.com\/de\/wp-json\/wp\/v2\/posts"}],"about":[{"href":"https:\/\/www.europesays.com\/de\/wp-json\/wp\/v2\/types\/post"}],"author":[{"embeddable":true,"href":"https:\/\/www.europesays.com\/de\/wp-json\/wp\/v2\/users\/2"}],"replies":[{"embeddable":true,"href":"https:\/\/www.europesays.com\/de\/wp-json\/wp\/v2\/comments?post=317041"}],"version-history":[{"count":0,"href":"https:\/\/www.europesays.com\/de\/wp-json\/wp\/v2\/posts\/317041\/revisions"}],"wp:featuredmedia":[{"embeddable":true,"href":"https:\/\/www.europesays.com\/de\/wp-json\/wp\/v2\/media\/317042"}],"wp:attachment":[{"href":"https:\/\/www.europesays.com\/de\/wp-json\/wp\/v2\/media?parent=317041"}],"wp:term":[{"taxonomy":"category","embeddable":true,"href":"https:\/\/www.europesays.com\/de\/wp-json\/wp\/v2\/categories?post=317041"},{"taxonomy":"post_tag","embeddable":true,"href":"https:\/\/www.europesays.com\/de\/wp-json\/wp\/v2\/tags?post=317041"}],"curies":[{"name":"wp","href":"https:\/\/api.w.org\/{rel}","templated":true}]}}