{"id":317107,"date":"2025-08-04T01:08:19","date_gmt":"2025-08-04T01:08:19","guid":{"rendered":"https:\/\/www.europesays.com\/de\/317107\/"},"modified":"2025-08-04T01:08:19","modified_gmt":"2025-08-04T01:08:19","slug":"royals-harry-dementiert-pruegelei-mit-prinz-andrew","status":"publish","type":"post","link":"https:\/\/www.europesays.com\/de\/317107\/","title":{"rendered":"Royals: Harry dementiert Pr\u00fcgelei mit Prinz Andrew"},"content":{"rendered":"<p>Publiziert3. August 2025, 13:54<\/p>\n<p>Neues Buch: Harry bestreitet k\u00f6rperliche Auseinandersetzung mit Prinz Andrew<\/p>\n<p>Der Herzog von Sussex dementiert Behauptungen aus einem neuen Enth\u00fcllungsbuch, wonach er sich mit Prinz Andrew gepr\u00fcgelt haben soll.<\/p>\n<p>Ein Sprecher von Prinz Harry (40) hat auf explosive Behauptungen aus einem neuen Buch reagiert. \u00abIch kann best\u00e4tigen, dass beide Anschuldigungen unwahr sind\u00bb, teilte er dem US-Magazin People mit und widersprach damit den Darstellungen in \u00abEntitled: The Rise and Fall of the House of York\u00bb.<\/p>\n<p>Das Buch des Autors Andrew Lownie behauptet, Prinz Harry und sein Onkel Prinz Andrew (65) seien 2013 bei einem Familientreffen handgreiflich geworden. Der angebliche Streit soll eskaliert sein, nachdem Andrew sich abf\u00e4llig \u00fcber Harry ge\u00e4u\u00dfert hatte. Laut Buchautor flogen sogar die F\u00e4uste, Andrew habe danach eine blutige Nase gehabt.<\/p>\n<p>Scharfe Worte \u00fcber Meghan erfunden?<\/p>\n<p>Das Buch unterstellt Andrew zudem, er habe Harrys Beziehung zu Herzogin Meghan (43) hinterfragt und sie als \u00abOpportunistin\u00bb bezeichnet. Zudem soll er prophezeit haben, die Ehe werde nicht von Dauer sein. Auch diese Darstellung weist Harrys Sprecher entschieden zur\u00fcck: \u00abPrinz Andrew hat niemals solche Kommentare \u00fcber die Herzogin von Sussex gegen\u00fcber Prinz Harry gemacht.\u00bb<\/p>\n<p>Das Buch zeichnet ein d\u00fcsteres Bild der Verh\u00e4ltnisse innerhalb der K\u00f6nigsfamilie. Autor Lownie behauptet, die Spannungen zwischen Prinz Andrew und beiden Neffen schwelten bereits seit Jahren. Prinz William (43) soll hinter den Kulissen daran arbeiten, Andrew aus der Royal Lodge zu dr\u00e4ngen \u2013 dem Anwesen in Windsor, das dieser weiterhin bewohnt.<\/p>\n<p>Weder der Kensington Palast noch der Buckingham-Palast wollten sich zu den Vorw\u00fcrfen gegen\u00fcber People \u00e4u\u00dfern. Andrews Reputation ist seit seiner <a href=\"https:\/\/www.lessentiel.lu\/de\/story\/wird-prinz-andrew-jetzt-an-die-usa-ausgeliefert-849078507347\" rel=\"nofollow noopener\" target=\"_blank\">Verstrickung in den Jeffrey-Epstein-Skandal<\/a> schwer besch\u00e4digt. Er wurde seiner offiziellen Aufgaben weitgehend enthoben und hat sich aus dem \u00f6ffentlichen Leben zur\u00fcckgezogen.<\/p>\n<p>Folgst Du uns schon auf WhatsApp?<\/p>\n<p>Abonniere unseren Kanal, aktiviere die kleine \ud83d\udd14 und erhalte eine <strong>News-\u00dcbersicht<\/strong> sowie spannende Storys und Unterhaltung <strong>zum Feierabend<\/strong>.<\/p>\n<p>(SpotOn, fos)<\/p>\n","protected":false},"excerpt":{"rendered":"Publiziert3. August 2025, 13:54 Neues Buch: Harry bestreitet k\u00f6rperliche Auseinandersetzung mit Prinz Andrew Der Herzog von Sussex dementiert&hellip;\n","protected":false},"author":2,"featured_media":317108,"comment_status":"","ping_status":"","sticky":false,"template":"","format":"standard","meta":{"footnotes":""},"categories":[1774],"tags":[1784,1785,29,214,30,215],"class_list":{"0":"post-317107","1":"post","2":"type-post","3":"status-publish","4":"format-standard","5":"has-post-thumbnail","7":"category-buecher","8":"tag-books","9":"tag-buecher","10":"tag-deutschland","11":"tag-entertainment","12":"tag-germany","13":"tag-unterhaltung"},"share_on_mastodon":{"url":"https:\/\/pubeurope.com\/@de\/114967825854441828","error":""},"_links":{"self":[{"href":"https:\/\/www.europesays.com\/de\/wp-json\/wp\/v2\/posts\/317107","targetHints":{"allow":["GET"]}}],"collection":[{"href":"https:\/\/www.europesays.com\/de\/wp-json\/wp\/v2\/posts"}],"about":[{"href":"https:\/\/www.europesays.com\/de\/wp-json\/wp\/v2\/types\/post"}],"author":[{"embeddable":true,"href":"https:\/\/www.europesays.com\/de\/wp-json\/wp\/v2\/users\/2"}],"replies":[{"embeddable":true,"href":"https:\/\/www.europesays.com\/de\/wp-json\/wp\/v2\/comments?post=317107"}],"version-history":[{"count":0,"href":"https:\/\/www.europesays.com\/de\/wp-json\/wp\/v2\/posts\/317107\/revisions"}],"wp:featuredmedia":[{"embeddable":true,"href":"https:\/\/www.europesays.com\/de\/wp-json\/wp\/v2\/media\/317108"}],"wp:attachment":[{"href":"https:\/\/www.europesays.com\/de\/wp-json\/wp\/v2\/media?parent=317107"}],"wp:term":[{"taxonomy":"category","embeddable":true,"href":"https:\/\/www.europesays.com\/de\/wp-json\/wp\/v2\/categories?post=317107"},{"taxonomy":"post_tag","embeddable":true,"href":"https:\/\/www.europesays.com\/de\/wp-json\/wp\/v2\/tags?post=317107"}],"curies":[{"name":"wp","href":"https:\/\/api.w.org\/{rel}","templated":true}]}}