{"id":317123,"date":"2025-08-04T01:16:19","date_gmt":"2025-08-04T01:16:19","guid":{"rendered":"https:\/\/www.europesays.com\/de\/317123\/"},"modified":"2025-08-04T01:16:19","modified_gmt":"2025-08-04T01:16:19","slug":"schickeria-in-muenchen-lokal-in-obermenzing-muss-nach-einem-jahr-wieder-schliessen","status":"publish","type":"post","link":"https:\/\/www.europesays.com\/de\/317123\/","title":{"rendered":"Schickeria in M\u00fcnchen: Lokal in Obermenzing muss nach einem Jahr wieder schlie\u00dfen"},"content":{"rendered":"<p>Diese M\u00fcnchner Geschichte ist bald auserz\u00e4hlt: Das <a href=\"https:\/\/www.abendzeitung-muenchen.de\/thema\/gaststaetten-und-restaurants\/\" rel=\"nofollow noopener\" target=\"_blank\">Wirtshaus<\/a> Schickeria in Obermenzing muss Ende August schlie\u00dfen \u2013 nach nur einem Jahr. Der Hauptgrund sei eine Pachterh\u00f6hung seitens der Hofbr\u00e4u-Brauerei, behauptet Wirt Thomas Lerchenberger. Er f\u00fcrchtet, dass viele seiner &#8222;M\u00fcnchner Legenden&#8220; bald keinen Treffpunkt mehr haben.<\/p>\n<p>Pachterh\u00f6hung Schuld an Schlie\u00dfung? Brauerei reagiert irritiert<\/p>\n<p>Im Sommer 2024 hat Lerchenberger das Lokal \u00fcbernommen. 6500 Euro Pacht habe f\u00fcr das gro\u00dfe Lokal gezahlt \u2013 bis jetzt. Nun soll der Wirt 11.000 Euro plus Umsatzbeteiligung an die Brauerei bezahlen. Laut seinen eigenen Berechnungen rund 19.700 Euro \u2013 f\u00fcr den M\u00fcnchner nicht zu stemmen.<\/p>\n<p><img decoding=\"async\" src=\"https:\/\/www.abendzeitung-muenchen.de\/design\/images\/muc_silhouette_short.svg\"\/><\/p>\n<p>Bei Hofbr\u00e4u reagiert man irritiert. Auf Anfrage der AZ teilt ein Sprecher mit: &#8222;Es gab keine ihm unbekannte Pachterh\u00f6hungen.&#8220; Alle Zahlungen seien bereits im Vorfeld vereinbart gewesen. Lerchenberger r\u00e4umt ein, dass eine Neuverhandlung der Pacht im Vertrag angek\u00fcndigt war. Dennoch h\u00e4tte er sich mehr Unterst\u00fctzung seitens der Brauerei gew\u00fcnscht.<\/p>\n<p>      <img decoding=\"async\" loading=\"lazy\" src=\"https:\/\/www.europesays.com\/de\/wp-content\/uploads\/2025\/08\/1589150_112bfe23-94da-4dbc-a766-13c5f1b5b7af_artikelbild-100proz_1EyVqG_bEFje0.jpg\" alt=\"V.l.: Ernst Hannawald, Herbi Hauke, Manuel K\u00f6ller, Thomas Lerchenberger und Helga Beyer kurz nach der Er\u00f6ffnung der Schickeria vor einem Jahr.\" title=\"V.l.: Ernst Hannawald, Herbi Hauke, Manuel K\u00f6ller, Thomas Lerchenberger und Helga Beyer kurz nach der Er\u00f6ffnung der Schickeria vor einem Jahr.\" width=\"812\" height=\"542\"\/><\/p>\n<p>      V.l.: Ernst Hannawald, Herbi Hauke, Manuel K\u00f6ller, Thomas Lerchenberger und Helga Beyer kurz nach der Er\u00f6ffnung der Schickeria vor einem Jahr.<br \/>\n      \u00a9 Sigi M\u00fcller<\/p>\n<p>    V.l.: Ernst Hannawald, Herbi Hauke, Manuel K\u00f6ller, Thomas Lerchenberger und Helga Beyer kurz nach der Er\u00f6ffnung der Schickeria vor einem Jahr.<\/p>\n<p>von Sigi M\u00fcller <\/p>\n<p>&#8222;}&#8220;&gt; <\/p>\n<p>Pl\u00e4ne f\u00fcr die Schickeria waren gro\u00df<\/p>\n<p>Die Pl\u00e4ne des Wirtes waren gro\u00df: In dem Obermenzinger Lokal wollte Lerchenberger vergangene Zeiten wieder aufleben lassen. Aufwendig hat er die eingestaubten R\u00e4umlichkeiten renovieren lassen und liebevoll neu gestaltet (<a href=\"https:\/\/www.abendzeitung-muenchen.de\/muenchen\/essenundtrinken\/neues-restaurant-altes-stueck-muenchen-soll-aufleben-art-986613\" target=\"_blank\" title=\"Neues Restaurant: Altes St\u00fcck M\u00fcnchen soll hier wieder aufleben\" rel=\"nofollow noopener\">AZ berichtete<\/a>). An den W\u00e4nden h\u00e4ngen Bilder vom Kini und seiner Sisi oder Szenen aus der legend\u00e4ren TV-Serie &#8222;Kir Royal&#8220;. &#8222;Ich habe damals gesagt: &#8218;Wenn ich es mache, dann hole ich hier das alte M\u00fcnchen zur\u00fcck'&#8220;, erz\u00e4hlt Lerchenberger.<\/p>\n<p>Zur Er\u00f6ffnung kaufte er das komplette Mobiliar des ehemaligen Kultlokals Waschkuchl in der Luisenstra\u00dfe. In einem Nebenraum der Schickeria wollte der Wirt das Waschkuchl zur\u00fcckholen. Eigent\u00fcmer Hofbr\u00e4u lie\u00df Lerchenberger in seinen Ideen freie Hand. Rund 150.000 Euro habe er aus eigener Tasche in das Lokal investiert, sagt er.<\/p>\n<p>      <img decoding=\"async\" loading=\"lazy\" src=\"https:\/\/www.europesays.com\/de\/wp-content\/uploads\/2025\/08\/1589151_6549617d-4652-4bb7-80a9-7cbe8152cef0_artikelbild-100proz_1EyVqI_O4Jaxm.jpg\" alt=\"An den W\u00e4nden im Lokal h\u00e4ngen verschiedene Motive, wie hier der Kini und die Sisi. Rund 150.000 Euro habe Lerchenberger in das Lokal investiert.\" title=\"An den W\u00e4nden im Lokal h\u00e4ngen verschiedene Motive, wie hier der Kini und die Sisi. Rund 150.000 Euro habe Lerchenberger in das Lokal investiert.\" width=\"812\" height=\"542\"\/><\/p>\n<p>      An den W\u00e4nden im Lokal h\u00e4ngen verschiedene Motive, wie hier der Kini und die Sisi. Rund 150.000 Euro habe Lerchenberger in das Lokal investiert.<br \/>\n      \u00a9 Sigi M\u00fcller<\/p>\n<p>    An den W\u00e4nden im Lokal h\u00e4ngen verschiedene Motive, wie hier der Kini und die Sisi. Rund 150.000 Euro habe Lerchenberger in das Lokal investiert.<\/p>\n<p>von Sigi M\u00fcller <\/p>\n<p>&#8222;}&#8220;&gt; <\/p>\n<p>Wirtshaus ist ein Treffpunkt: &#8222;Hier kommt das alte M\u00fcnchen zusammen&#8220;<\/p>\n<p>Lerchenberger ist der Meinung, dass seine Pl\u00e4ne aufgegangen sind: &#8222;Hier kommt das alte M\u00fcnchen zusammen&#8220;, sagt er. Die \u00e4ltere Generation habe in der Schickeria einen neuen Treffpunkt gefunden. &#8222;Mittwochs kommen zum Beispiel immer unsere Omas und spielen den ganzen Tag Schafkopf oder Romm\u00e9.&#8220; Immer wieder veranstaltet Lerchenberger Feiern in der Schickeria.<\/p>\n<p>Die letzten Monate waren nicht einfach<\/p>\n<p>Der Wirt berichtet aber auch, dass es in den letzten Monaten nicht mehr ganz so gut lief wie am Anfang. Die gesamte Gastronomie-Branche h\u00e4tte gerade Schwierigkeiten und Umsatzeinbu\u00dfen, auch er und seine Schickeria. Letzte Woche hat Lerchenberger seinen Mitarbeitern gek\u00fcndigt. Jetzt habe er das, was er nicht wollte, Schwierigkeiten und eine Insolvenz. Geschieht kein Wunder, hei\u00dft es: Aus is f\u00fcr die Schickeria.<\/p>\n","protected":false},"excerpt":{"rendered":"Diese M\u00fcnchner Geschichte ist bald auserz\u00e4hlt: Das Wirtshaus Schickeria in Obermenzing muss Ende August schlie\u00dfen \u2013 nach nur&hellip;\n","protected":false},"author":2,"featured_media":317124,"comment_status":"","ping_status":"","sticky":false,"template":"","format":"standard","meta":{"footnotes":""},"categories":[134],"tags":[175,170,169,29,90612,30,171,174,173,172],"class_list":{"0":"post-317123","1":"post","2":"type-post","3":"status-publish","4":"format-standard","5":"has-post-thumbnail","7":"category-unternehmen-maerkte","8":"tag-business","9":"tag-companies","10":"tag-companies-markets","11":"tag-deutschland","12":"tag-die-schickeria-obermenzing-muss-schliessen-ist-eine-pachterhoehung-schuldplaene-gescheitert-dieses-muenchner-lokal-muss-nach-einem-jahr-wieder-schliessentreffpunkt-fuer-das","13":"tag-germany","14":"tag-markets","15":"tag-maerkte","16":"tag-unternehmen","17":"tag-unternehmen-maerkte"},"share_on_mastodon":{"url":"https:\/\/pubeurope.com\/@de\/114967857408051888","error":""},"_links":{"self":[{"href":"https:\/\/www.europesays.com\/de\/wp-json\/wp\/v2\/posts\/317123","targetHints":{"allow":["GET"]}}],"collection":[{"href":"https:\/\/www.europesays.com\/de\/wp-json\/wp\/v2\/posts"}],"about":[{"href":"https:\/\/www.europesays.com\/de\/wp-json\/wp\/v2\/types\/post"}],"author":[{"embeddable":true,"href":"https:\/\/www.europesays.com\/de\/wp-json\/wp\/v2\/users\/2"}],"replies":[{"embeddable":true,"href":"https:\/\/www.europesays.com\/de\/wp-json\/wp\/v2\/comments?post=317123"}],"version-history":[{"count":0,"href":"https:\/\/www.europesays.com\/de\/wp-json\/wp\/v2\/posts\/317123\/revisions"}],"wp:featuredmedia":[{"embeddable":true,"href":"https:\/\/www.europesays.com\/de\/wp-json\/wp\/v2\/media\/317124"}],"wp:attachment":[{"href":"https:\/\/www.europesays.com\/de\/wp-json\/wp\/v2\/media?parent=317123"}],"wp:term":[{"taxonomy":"category","embeddable":true,"href":"https:\/\/www.europesays.com\/de\/wp-json\/wp\/v2\/categories?post=317123"},{"taxonomy":"post_tag","embeddable":true,"href":"https:\/\/www.europesays.com\/de\/wp-json\/wp\/v2\/tags?post=317123"}],"curies":[{"name":"wp","href":"https:\/\/api.w.org\/{rel}","templated":true}]}}