{"id":317125,"date":"2025-08-04T01:17:09","date_gmt":"2025-08-04T01:17:09","guid":{"rendered":"https:\/\/www.europesays.com\/de\/317125\/"},"modified":"2025-08-04T01:17:09","modified_gmt":"2025-08-04T01:17:09","slug":"jerusalem-erwaegt-militaeraktion-netanjahu-wirft-hamas-blockade-bei-geisel-deal-vor","status":"publish","type":"post","link":"https:\/\/www.europesays.com\/de\/317125\/","title":{"rendered":"Jerusalem erw\u00e4gt Milit\u00e4raktion: Netanjahu wirft Hamas Blockade bei Geisel-Deal vor"},"content":{"rendered":"<p>                    Jerusalem erw\u00e4gt Milit\u00e4raktion<br \/>\n                Netanjahu wirft Hamas Blockade bei Geisel-Deal vor<\/p>\n<p>\t\t\t\t              04.08.2025, 00:31 Uhr<\/p>\n<p>\t\t\t\t\t       Artikel anh\u00f6ren<\/p>\n<p>\t\t\t\t\t\t\tDiese Audioversion wurde k\u00fcnstlich generiert. <a href=\"https:\/\/www.n-tv.de\/23249898\" target=\"_blank\" rel=\"noopener\">Mehr Infos<\/a><\/p>\n<p><strong>Israels Regierungschef Netanjahu wirft der Hamas vor, kein Interesse an einer Waffenruhe zu haben. Laut Medienberichten erw\u00e4gt Jerusalem nun, die verbliebenen Geiseln mit Waffengewalt zu befreien. Deren Angeh\u00f6rige warnen vor einer weiteren Eskalation.<\/strong><\/p>\n<p>Die islamistische Hamas hat nach Ansicht von Israels Ministerpr\u00e4sident Benjamin Netanjahu kein Interesse an einem Abkommen \u00fcber eine Waffenruhe im Gaza-Krieg und die Freilassung von Geiseln. &#8222;Ich verstehe genau, was die Hamas will. Sie will keinen Deal&#8220;, sagte er in einer Video-Botschaft gem\u00e4\u00df einer englischen \u00dcbersetzung der &#8222;Times of Israel&#8220;. Er sei nunmehr noch entschlossener, die Geiseln zu befreien und die Hamas zu zerschlagen. <\/p>\n<p>Das Forum der Geisel-Familien \u00fcbte Kritik an seinen \u00c4u\u00dferungen. &#8222;Seit 22 Monaten wird der \u00d6ffentlichkeit die Illusion verkauft, dass milit\u00e4rischer Druck und intensive K\u00e4mpfe die Geiseln zur\u00fcckbringen werden&#8220;, zitierte die Zeitung eine Erkl\u00e4rung der Gruppe, die die Mehrheit der Familien der 50 noch immer in Gaza festgehaltenen Geiseln vertritt. &#8222;Die Wahrheit muss gesagt werden: Die Ausweitung des Krieges gef\u00e4hrdet das Leben der Geiseln, die in unmittelbarer Todesgefahr schweben. Wir haben die erschreckenden Bilder der Geiseln in den Tunneln gesehen, sie werden weitere lange Tage des Grauens nicht \u00fcberleben&#8220;, hei\u00dft es in der Erkl\u00e4rung des Forums weiter. <\/p>\n<p>Mindestens 20 Geiseln sollen noch am Leben sein<\/p>\n<p>Netanjahu hatte zuvor erkl\u00e4rt: &#8222;Sie (die Hamas) will uns brechen &#8211; mit diesen grauenhaften Videos, mit der falschen Horror-Propaganda, die sie in der ganzen Welt verbreitet.&#8220; Aber man werde sich nicht brechen lassen. Der Regierungschef bezog sich auf zwei Geisel-Videos, die die pal\u00e4stinensische Terrororganisation in den vergangenen Tagen ver\u00f6ffentlicht hatte. Sie zeigen zwei junge M\u00e4nner, die die Islamisten in dunklen und engen Tunneln im Gazastreifen gefangen halten, im Zustand akuter Unterern\u00e4hrung, schwindender k\u00f6rperlicher Kraft und emotionaler Gebrochenheit.  <\/p>\n<p>Medienberichten zufolge erw\u00e4gt die israelische F\u00fchrung tats\u00e4chlich ein milit\u00e4risches Vorgehen, um die letzten Geiseln zu befreien. Netanjahu strebe danach, die Freilassung der Geiseln &#8222;auf dem Weg eines milit\u00e4rischen Sieges&#8220; zu erreichen, hei\u00dft es in einer Erkl\u00e4rung, die ein namentlich nicht genannter Regierungsbeamter mehreren israelischen Zeitungen zukommen lie\u00df. <\/p>\n<p>Man stehe diesbez\u00fcglich im Dialog mit der amerikanischen F\u00fchrung, und es zeichne sich die Einsicht ab, dass die Hamas an einer Vereinbarung im Zuge indirekter Verhandlungen nicht interessiert sei. Die humanit\u00e4re Hilfe f\u00fcr die pal\u00e4stinensische Zivilbev\u00f6lkerung soll aber weiterhin gew\u00e4hrleistet bleiben, abgesehen von Kampfgebieten und Gebieten unter Kontrolle der Hamas. <\/p>\n<p>Nach israelischer Darstellung befinden sich noch 50 Geiseln in der Gewalt der Hamas und anderer Gruppen, von denen mindestens 20 noch am Leben sein sollen. Monatelange Bem\u00fchungen, durch indirekte Verhandlungen zwischen Israel und der Hamas eine Waffenruhe herbeizuf\u00fchren und die Freilassung der Geiseln zu bewirken, verliefen bislang ergebnislos.<\/p>\n","protected":false},"excerpt":{"rendered":"Jerusalem erw\u00e4gt Milit\u00e4raktion Netanjahu wirft Hamas Blockade bei Geisel-Deal vor 04.08.2025, 00:31 Uhr Artikel anh\u00f6ren Diese Audioversion wurde&hellip;\n","protected":false},"author":2,"featured_media":317126,"comment_status":"","ping_status":"","sticky":false,"template":"","format":"standard","meta":{"footnotes":""},"categories":[3],"tags":[738,40271,410,13,411,412,14,15,16,12,10,8,9,11,103,104],"class_list":{"0":"post-317125","1":"post","2":"type-post","3":"status-publish","4":"format-standard","5":"has-post-thumbnail","7":"category-welt","8":"tag-gazastreifen","9":"tag-geiselnahmen","10":"tag-hamas","11":"tag-headlines","12":"tag-israel","13":"tag-israel-krieg","14":"tag-nachrichten","15":"tag-news","16":"tag-politik","17":"tag-schlagzeilen","18":"tag-top-news","19":"tag-top-meldungen","20":"tag-topmeldungen","21":"tag-topnews","22":"tag-welt","23":"tag-world"},"share_on_mastodon":{"url":"https:\/\/pubeurope.com\/@de\/114967861216698377","error":""},"_links":{"self":[{"href":"https:\/\/www.europesays.com\/de\/wp-json\/wp\/v2\/posts\/317125","targetHints":{"allow":["GET"]}}],"collection":[{"href":"https:\/\/www.europesays.com\/de\/wp-json\/wp\/v2\/posts"}],"about":[{"href":"https:\/\/www.europesays.com\/de\/wp-json\/wp\/v2\/types\/post"}],"author":[{"embeddable":true,"href":"https:\/\/www.europesays.com\/de\/wp-json\/wp\/v2\/users\/2"}],"replies":[{"embeddable":true,"href":"https:\/\/www.europesays.com\/de\/wp-json\/wp\/v2\/comments?post=317125"}],"version-history":[{"count":0,"href":"https:\/\/www.europesays.com\/de\/wp-json\/wp\/v2\/posts\/317125\/revisions"}],"wp:featuredmedia":[{"embeddable":true,"href":"https:\/\/www.europesays.com\/de\/wp-json\/wp\/v2\/media\/317126"}],"wp:attachment":[{"href":"https:\/\/www.europesays.com\/de\/wp-json\/wp\/v2\/media?parent=317125"}],"wp:term":[{"taxonomy":"category","embeddable":true,"href":"https:\/\/www.europesays.com\/de\/wp-json\/wp\/v2\/categories?post=317125"},{"taxonomy":"post_tag","embeddable":true,"href":"https:\/\/www.europesays.com\/de\/wp-json\/wp\/v2\/tags?post=317125"}],"curies":[{"name":"wp","href":"https:\/\/api.w.org\/{rel}","templated":true}]}}