{"id":317242,"date":"2025-08-04T02:29:16","date_gmt":"2025-08-04T02:29:16","guid":{"rendered":"https:\/\/www.europesays.com\/de\/317242\/"},"modified":"2025-08-04T02:29:16","modified_gmt":"2025-08-04T02:29:16","slug":"streitigkeiten-enden-mit-stichverletzungen-berlin-de","status":"publish","type":"post","link":"https:\/\/www.europesays.com\/de\/317242\/","title":{"rendered":"Streitigkeiten enden mit Stichverletzungen &#8211; Berlin.de"},"content":{"rendered":"<p>\n    <strong>Nr. 1928<\/strong><br \/>Ein Mann soll gestern Abend in Neuk\u00f6lln einen anderen Mann mit einem Messer verletzt haben. Nach derzeitigem Kenntnisstand gerieten ein 40- und ein 41-J\u00e4hriger gegen 18:15 Uhr in einer Wohnung in der Elsenstra\u00dfe in einen verbalen Streit. In der Folge soll der \u00c4ltere dem J\u00fcngeren lebensgef\u00e4hrliche Stichverletzungen zugef\u00fcgt haben. Zusammen mit einem Zeugen rettete sich der Verletzte auf den Hinterhof. Ein weiterer Zeuge alarmierte die Polizei. Am Ort eingetroffene Polizeikr\u00e4fte leisteten bis zum Eintreffen von Rettungskr\u00e4ften Erste Hilfe und nahmen den \u00c4lteren, der sich noch in der N\u00e4he aufhielt, fest. Der Verletzte kam in ein Krankenhaus, wo eine Notoperation erfolgen musste. Lebensgefahr soll nunmehr nicht mehr bestehen. Der Festgenommene wurde der Kriminalpolizei der Direktion 5 (City) \u00fcberstellt, die die weiteren Ermittlungen \u00fcbernommen hat.\n  <\/p>\n","protected":false},"excerpt":{"rendered":"Nr. 1928Ein Mann soll gestern Abend in Neuk\u00f6lln einen anderen Mann mit einem Messer verletzt haben. Nach derzeitigem&hellip;\n","protected":false},"author":2,"featured_media":2288,"comment_status":"","ping_status":"","sticky":false,"template":"","format":"standard","meta":{"footnotes":""},"categories":[1825],"tags":[296,29,30,90624,1584,89914,2331],"class_list":{"0":"post-317242","1":"post","2":"type-post","3":"status-publish","4":"format-standard","5":"has-post-thumbnail","7":"category-berlin","8":"tag-berlin","9":"tag-deutschland","10":"tag-germany","11":"tag-ii1586890","12":"tag-kriminalitaet","13":"tag-meldung-polizei-berlin-vom-02-08-2025","14":"tag-polizeimeldung"},"share_on_mastodon":{"url":"https:\/\/pubeurope.com\/@de\/114968144427084406","error":""},"_links":{"self":[{"href":"https:\/\/www.europesays.com\/de\/wp-json\/wp\/v2\/posts\/317242","targetHints":{"allow":["GET"]}}],"collection":[{"href":"https:\/\/www.europesays.com\/de\/wp-json\/wp\/v2\/posts"}],"about":[{"href":"https:\/\/www.europesays.com\/de\/wp-json\/wp\/v2\/types\/post"}],"author":[{"embeddable":true,"href":"https:\/\/www.europesays.com\/de\/wp-json\/wp\/v2\/users\/2"}],"replies":[{"embeddable":true,"href":"https:\/\/www.europesays.com\/de\/wp-json\/wp\/v2\/comments?post=317242"}],"version-history":[{"count":0,"href":"https:\/\/www.europesays.com\/de\/wp-json\/wp\/v2\/posts\/317242\/revisions"}],"wp:featuredmedia":[{"embeddable":true,"href":"https:\/\/www.europesays.com\/de\/wp-json\/wp\/v2\/media\/2288"}],"wp:attachment":[{"href":"https:\/\/www.europesays.com\/de\/wp-json\/wp\/v2\/media?parent=317242"}],"wp:term":[{"taxonomy":"category","embeddable":true,"href":"https:\/\/www.europesays.com\/de\/wp-json\/wp\/v2\/categories?post=317242"},{"taxonomy":"post_tag","embeddable":true,"href":"https:\/\/www.europesays.com\/de\/wp-json\/wp\/v2\/tags?post=317242"}],"curies":[{"name":"wp","href":"https:\/\/api.w.org\/{rel}","templated":true}]}}