{"id":317270,"date":"2025-08-04T02:45:39","date_gmt":"2025-08-04T02:45:39","guid":{"rendered":"https:\/\/www.europesays.com\/de\/317270\/"},"modified":"2025-08-04T02:45:39","modified_gmt":"2025-08-04T02:45:39","slug":"1-000-fans-sehen-beeindruckenden-sieg-des-sc-magdeburg","status":"publish","type":"post","link":"https:\/\/www.europesays.com\/de\/317270\/","title":{"rendered":"1.000 Fans sehen beeindruckenden Sieg des SC Magdeburg"},"content":{"rendered":"<p class=\"fp-paragraph\"><strong>K\u00f6then\/MZ.<\/strong> &#8211; Der SC Magdeburg hat am Samstagabend einmal mehr gezeigt, wer die beste Mannschaft in Europa ist. Der amtierende Champions-League-Sieger bezwang in der K\u00f6thener Heinz-Fricke-Sporthalle den Bundesliga-Rivalen vom TSV Hannover- Burgdorf deutlich mit 30:21 (15:11). <\/p>\n<p class=\"fp-paragraph\">Diese Begegnung war der H\u00f6hepunkt des Tags des Handballs, den die HG 85 K\u00f6then anl\u00e4sslich ihres 40-j\u00e4hrigen Vereinsjubil\u00e4um am Samstag durchf\u00fchrte. Bei den Elbest\u00e4dtern, welche unter anderem mit Serguiy Hernandez, Nicola Portner, Tim Zechel, Gisli Kristjannsson, Daniel Pettersson, Tim Hornke, Lucas Mertens, Christian O`Sullivan, Magnus Saugstrup und Oscar Bergedahl, erzielte der deutsche Nationalspieler Philipp Weber mit acht Toren die meisten Treffer. Vor fast 1000 Zuschauern war Lucas Stutzke bei den vom Ex-K\u00f6thener Christian Prokop trainierten \u201eRecken\u201c aus Hannover mit f\u00fcnf Treffern der beste Torsch\u00fctze des Tages. Der geb\u00fcrtige Dessauer Renas Uscins auf Hannover-Seite blieb \u00fcberraschend ohne Treffer an diesem Abend.<\/p>\n<p><img decoding=\"async\" class=\"fp-lazyload lazyload\" src=\"https:\/\/www.europesays.com\/de\/wp-content\/uploads\/2025\/08\/1d062bb0-7181-495e-a838-cb3574f99c37.jpeg\"  data- style=\"display: block; width: 100%;\" loading=\"lazy\" alt=\"Die SCM-Stars, hier Torwart Hernandez, nahmen sich viel Zeit f\u00fcr die Fans in K\u00f6then.\"\/>Die SCM-Stars, hier Torwart Hernandez, nahmen sich viel Zeit f\u00fcr die Fans in K\u00f6then.<\/p>\n<p> Foto: Lehmann<\/p>\n<p class=\"fp-paragraph\">Vor dem Highlight am Abend konnten die handballbegeisterten K\u00f6thener noch zwei weitere Spiele sehen. Im Er\u00f6ffnungsspiel des Tages behielten die \u201eAllstars\u201c des K\u00f6thener Vereins gegen die zweite Herrenmannschaft der HG 85 K\u00f6then mit 29:23 (16:14) die Oberhand. Die erste Herrenmannschaft des Vereins war gegen den Liga-Kontrahenten und amtierenden Regionalliga-Meister Concordia Delitzsch chancenlos und musste sich am Samstag mit 27:33 (14:20) geschlagen geben.<\/p>\n","protected":false},"excerpt":{"rendered":"K\u00f6then\/MZ. &#8211; Der SC Magdeburg hat am Samstagabend einmal mehr gezeigt, wer die beste Mannschaft in Europa ist.&hellip;\n","protected":false},"author":2,"featured_media":317271,"comment_status":"","ping_status":"","sticky":false,"template":"","format":"standard","meta":{"footnotes":""},"categories":[1860],"tags":[3364,29,548,663,3934,30,4062,17332,13,14,15,17331,860,12],"class_list":{"0":"post-317270","1":"post","2":"type-post","3":"status-publish","4":"format-standard","5":"has-post-thumbnail","7":"category-halle-saale","8":"tag-de","9":"tag-deutschland","10":"tag-eu","11":"tag-europa","12":"tag-europe","13":"tag-germany","14":"tag-halle","15":"tag-halle-saale","16":"tag-headlines","17":"tag-nachrichten","18":"tag-news","19":"tag-saale","20":"tag-sachsen-anhalt","21":"tag-schlagzeilen"},"share_on_mastodon":{"url":"https:\/\/pubeurope.com\/@de\/114968207372368649","error":""},"_links":{"self":[{"href":"https:\/\/www.europesays.com\/de\/wp-json\/wp\/v2\/posts\/317270","targetHints":{"allow":["GET"]}}],"collection":[{"href":"https:\/\/www.europesays.com\/de\/wp-json\/wp\/v2\/posts"}],"about":[{"href":"https:\/\/www.europesays.com\/de\/wp-json\/wp\/v2\/types\/post"}],"author":[{"embeddable":true,"href":"https:\/\/www.europesays.com\/de\/wp-json\/wp\/v2\/users\/2"}],"replies":[{"embeddable":true,"href":"https:\/\/www.europesays.com\/de\/wp-json\/wp\/v2\/comments?post=317270"}],"version-history":[{"count":0,"href":"https:\/\/www.europesays.com\/de\/wp-json\/wp\/v2\/posts\/317270\/revisions"}],"wp:featuredmedia":[{"embeddable":true,"href":"https:\/\/www.europesays.com\/de\/wp-json\/wp\/v2\/media\/317271"}],"wp:attachment":[{"href":"https:\/\/www.europesays.com\/de\/wp-json\/wp\/v2\/media?parent=317270"}],"wp:term":[{"taxonomy":"category","embeddable":true,"href":"https:\/\/www.europesays.com\/de\/wp-json\/wp\/v2\/categories?post=317270"},{"taxonomy":"post_tag","embeddable":true,"href":"https:\/\/www.europesays.com\/de\/wp-json\/wp\/v2\/tags?post=317270"}],"curies":[{"name":"wp","href":"https:\/\/api.w.org\/{rel}","templated":true}]}}