{"id":317695,"date":"2025-08-04T06:53:16","date_gmt":"2025-08-04T06:53:16","guid":{"rendered":"https:\/\/www.europesays.com\/de\/317695\/"},"modified":"2025-08-04T06:53:16","modified_gmt":"2025-08-04T06:53:16","slug":"blutspenden-in-aachen-wie-in-fuenf-minuten-und-mit-450-milliliter-drei-leben-gerettet-werden","status":"publish","type":"post","link":"https:\/\/www.europesays.com\/de\/317695\/","title":{"rendered":"Blutspenden in Aachen: Wie in f\u00fcnf Minuten und mit 450 Milliliter drei Leben gerettet werden"},"content":{"rendered":"<p class=\"Paragraph_root__xJSDF Paragraph_default-lg-default__txMNQ articleParagraph\">Norbert und Heike G\u00f6tting sind nicht das erste Mal in den R\u00e4umen auf der 1. Etage der Gro\u00dfk\u00f6lnstra\u00dfe 32-34. Hier, wo seit gut einem Jahr der Blutspendedienst der Uniklinik Aachen beheimatet ist, f\u00fchlen sie sich wohl. \u201eDie Lage ist zentral, viel besser als zuvor am Klinikum selbst\u201c, sagt Norbert G\u00f6tting. \u201eDie Mitarbeiter sind eh immer freundlich, das passt alles.\u201c Der Stawag-Mitarbeiter nutzt seine Rufbereitschaft, seine Frau hat fr\u00fcher Feierabend gemacht, um an diesem Nachmittag gemeinsam mit ihm zur Blutspende zu gehen. \u201eBlutspenden werden gebraucht ohne Ende\u201c, wei\u00df G\u00f6tting, \u201eund vielleicht bin auch ich irgendwann mal auf eine Spende angewiesen\u201c, sagt er zu seiner Motivation.<\/p>\n","protected":false},"excerpt":{"rendered":"Norbert und Heike G\u00f6tting sind nicht das erste Mal in den R\u00e4umen auf der 1. Etage der Gro\u00dfk\u00f6lnstra\u00dfe&hellip;\n","protected":false},"author":2,"featured_media":317696,"comment_status":"","ping_status":"","sticky":false,"template":"","format":"standard","meta":{"footnotes":""},"categories":[1853],"tags":[1424,3364,29,548,663,3934,30,13,14,15,1209,12],"class_list":{"0":"post-317695","1":"post","2":"type-post","3":"status-publish","4":"format-standard","5":"has-post-thumbnail","7":"category-aachen","8":"tag-aachen","9":"tag-de","10":"tag-deutschland","11":"tag-eu","12":"tag-europa","13":"tag-europe","14":"tag-germany","15":"tag-headlines","16":"tag-nachrichten","17":"tag-news","18":"tag-nordrhein-westfalen","19":"tag-schlagzeilen"},"share_on_mastodon":{"url":"https:\/\/pubeurope.com\/@de\/114969182504931325","error":""},"_links":{"self":[{"href":"https:\/\/www.europesays.com\/de\/wp-json\/wp\/v2\/posts\/317695","targetHints":{"allow":["GET"]}}],"collection":[{"href":"https:\/\/www.europesays.com\/de\/wp-json\/wp\/v2\/posts"}],"about":[{"href":"https:\/\/www.europesays.com\/de\/wp-json\/wp\/v2\/types\/post"}],"author":[{"embeddable":true,"href":"https:\/\/www.europesays.com\/de\/wp-json\/wp\/v2\/users\/2"}],"replies":[{"embeddable":true,"href":"https:\/\/www.europesays.com\/de\/wp-json\/wp\/v2\/comments?post=317695"}],"version-history":[{"count":0,"href":"https:\/\/www.europesays.com\/de\/wp-json\/wp\/v2\/posts\/317695\/revisions"}],"wp:featuredmedia":[{"embeddable":true,"href":"https:\/\/www.europesays.com\/de\/wp-json\/wp\/v2\/media\/317696"}],"wp:attachment":[{"href":"https:\/\/www.europesays.com\/de\/wp-json\/wp\/v2\/media?parent=317695"}],"wp:term":[{"taxonomy":"category","embeddable":true,"href":"https:\/\/www.europesays.com\/de\/wp-json\/wp\/v2\/categories?post=317695"},{"taxonomy":"post_tag","embeddable":true,"href":"https:\/\/www.europesays.com\/de\/wp-json\/wp\/v2\/tags?post=317695"}],"curies":[{"name":"wp","href":"https:\/\/api.w.org\/{rel}","templated":true}]}}