{"id":317806,"date":"2025-08-04T08:00:17","date_gmt":"2025-08-04T08:00:17","guid":{"rendered":"https:\/\/www.europesays.com\/de\/317806\/"},"modified":"2025-08-04T08:00:17","modified_gmt":"2025-08-04T08:00:17","slug":"wechselhaftes-wetter-in-berlin-und-brandenburg-erwartet-3","status":"publish","type":"post","link":"https:\/\/www.europesays.com\/de\/317806\/","title":{"rendered":"Wechselhaftes Wetter in Berlin und Brandenburg erwartet"},"content":{"rendered":"<p class=\"tspARhi tspARhj\">Die Menschen in Berlin und in Brandenburg k\u00f6nnen sich heute auf eher wechselhaftes Wetter einstellen. Der Tag starte mit einem zun\u00e4chst dicht bew\u00f6lkten Himmel sowie mit Regen, der nach Osten abziehe, teilte der Deutsche Wetterdienst (DWD) mit. Schlie\u00dflich w\u00fcrden Schauer und Bew\u00f6lkung abnehmen.\u00a0<\/p>\n<p class=\"tspARhi\">Die H\u00f6chsttemperatur liege den Tag \u00fcber bei 25 Grad, in der Nacht auf Dienstag w\u00fcrden die Werte auf bis zu 16 Grad fallen. Zudem sei nachts erneut mit Regen zu rechnen \u2013 im Spreewald und in der Niederlausitz bleibe es jedoch \u00fcberwiegend trocken.\u00a0<\/p>\n<p><a href=\"https:\/\/www.tagesspiegel.de\/berlin\/dem-wetter-trotzen-sieben-orte-in-berlin-und-brandenburg-die-regentage-retten-konnen-14007008.html?icid=topic-list_14127884___\" data-gtm-class=\"article-mzt-link\" class=\"tspB7mi\" rel=\"nofollow noopener\" target=\"_blank\">Dem Wetter trotzen Sieben Orte in Berlin und Brandenburg, die Regentage retten k\u00f6nnen  <\/a><a href=\"https:\/\/www.tagesspiegel.de\/berlin\/der-unwetter-knigge-fur-berlin-so-schutzen-sie-sich-bei-gewittern-13953992.html?icid=topic-list_14127884___\" data-gtm-class=\"article-mzt-link\" class=\"tspB7mi\" rel=\"nofollow noopener\" target=\"_blank\">Unwetter-Knigge f\u00fcr Berlin So sch\u00fctzen Sie sich bei Gewittern <\/a><a href=\"https:\/\/www.tagesspiegel.de\/wissen\/was-ist-das-denn-fur-ein-sommer-auch-der-juli-war-zu-warm-14121284.html?icid=topic-list_14127884___\" data-gtm-class=\"article-mzt-link\" class=\"tspB7mi\" rel=\"nofollow noopener\" target=\"_blank\">Was ist das denn f\u00fcr ein Sommer? Warum er sich zu kalt anf\u00fchlt \u2013 aber zu warm ist <\/a><\/p>\n<p class=\"tspARhi\">Etwas sonniger soll es am Dienstag zumindest im Norden der Region werden \u2013 im S\u00fcden bleibe der Himmel aber weiterhin eher bedeckt. Auch mit teils kr\u00e4ftigem Regen sei erneut zu rechnen, hie\u00df es. Schlie\u00dflich lockere sich die Wolkendecke am Himmel aber auch wieder auf. Die Temperaturen erreichen am Tag bis zu 23 Grad und sinken in der Nacht auf bis zu zehn Grad. (dpa)<\/p>\n","protected":false},"excerpt":{"rendered":"Die Menschen in Berlin und in Brandenburg k\u00f6nnen sich heute auf eher wechselhaftes Wetter einstellen. Der Tag starte&hellip;\n","protected":false},"author":2,"featured_media":317807,"comment_status":"","ping_status":"","sticky":false,"template":"","format":"standard","meta":{"footnotes":""},"categories":[1825],"tags":[296,1890,29,30,1973],"class_list":{"0":"post-317806","1":"post","2":"type-post","3":"status-publish","4":"format-standard","5":"has-post-thumbnail","7":"category-berlin","8":"tag-berlin","9":"tag-brandenburg","10":"tag-deutschland","11":"tag-germany","12":"tag-wetter"},"share_on_mastodon":{"url":"https:\/\/pubeurope.com\/@de\/114969446150579268","error":""},"_links":{"self":[{"href":"https:\/\/www.europesays.com\/de\/wp-json\/wp\/v2\/posts\/317806","targetHints":{"allow":["GET"]}}],"collection":[{"href":"https:\/\/www.europesays.com\/de\/wp-json\/wp\/v2\/posts"}],"about":[{"href":"https:\/\/www.europesays.com\/de\/wp-json\/wp\/v2\/types\/post"}],"author":[{"embeddable":true,"href":"https:\/\/www.europesays.com\/de\/wp-json\/wp\/v2\/users\/2"}],"replies":[{"embeddable":true,"href":"https:\/\/www.europesays.com\/de\/wp-json\/wp\/v2\/comments?post=317806"}],"version-history":[{"count":0,"href":"https:\/\/www.europesays.com\/de\/wp-json\/wp\/v2\/posts\/317806\/revisions"}],"wp:featuredmedia":[{"embeddable":true,"href":"https:\/\/www.europesays.com\/de\/wp-json\/wp\/v2\/media\/317807"}],"wp:attachment":[{"href":"https:\/\/www.europesays.com\/de\/wp-json\/wp\/v2\/media?parent=317806"}],"wp:term":[{"taxonomy":"category","embeddable":true,"href":"https:\/\/www.europesays.com\/de\/wp-json\/wp\/v2\/categories?post=317806"},{"taxonomy":"post_tag","embeddable":true,"href":"https:\/\/www.europesays.com\/de\/wp-json\/wp\/v2\/tags?post=317806"}],"curies":[{"name":"wp","href":"https:\/\/api.w.org\/{rel}","templated":true}]}}