{"id":317921,"date":"2025-08-04T09:06:10","date_gmt":"2025-08-04T09:06:10","guid":{"rendered":"https:\/\/www.europesays.com\/de\/317921\/"},"modified":"2025-08-04T09:06:10","modified_gmt":"2025-08-04T09:06:10","slug":"es-droht-das-cr7-schicksal-bitterer-bvb-auftakt-ins-trainingslager","status":"publish","type":"post","link":"https:\/\/www.europesays.com\/de\/317921\/","title":{"rendered":"Es droht das CR7-Schicksal: Bitterer BVB-Auftakt ins Trainingslager"},"content":{"rendered":"<p>Dem BVB droht Ungemacht. Wom\u00f6glich teilen die Dortmunder bald das Schicksal von Cristiano Ronaldo.<\/p>\n<p>Der Auftakt ins Trainingslager in Saalfelden ist f\u00fcr den Fu\u00dfball-Bundesligisten Borussia Dortmund ungl\u00fccklich verlaufen. Das f\u00fcr Montag angesetzte \u00f6ffentliche Training musste aufgrund der schlechten Bedingungen abgesagt werden. Der Platz in der Saalfelden-Arena sei &#8222;aufgrund der starken Regenf\u00e4lle unbespielbar&#8220;, teilte der BVB mit.<\/p>\n","protected":false},"excerpt":{"rendered":"Dem BVB droht Ungemacht. Wom\u00f6glich teilen die Dortmunder bald das Schicksal von Cristiano Ronaldo. Der Auftakt ins Trainingslager&hellip;\n","protected":false},"author":2,"featured_media":317922,"comment_status":"","ping_status":"","sticky":false,"template":"","format":"standard","meta":{"footnotes":""},"categories":[1833],"tags":[51642,888,299,90805,3364,29,217,347,30,1209,4604],"class_list":{"0":"post-317921","1":"post","2":"type-post","3":"status-publish","4":"format-standard","5":"has-post-thumbnail","7":"category-dortmund","8":"tag-al-nassr-fc","9":"tag-borussia-dortmund","10":"tag-bundesliga","11":"tag-c-ronaldo","12":"tag-de","13":"tag-deutschland","14":"tag-dortmund","15":"tag-fussball","16":"tag-germany","17":"tag-nordrhein-westfalen","18":"tag-soccer"},"share_on_mastodon":{"url":"https:\/\/pubeurope.com\/@de\/114969705527813220","error":""},"_links":{"self":[{"href":"https:\/\/www.europesays.com\/de\/wp-json\/wp\/v2\/posts\/317921","targetHints":{"allow":["GET"]}}],"collection":[{"href":"https:\/\/www.europesays.com\/de\/wp-json\/wp\/v2\/posts"}],"about":[{"href":"https:\/\/www.europesays.com\/de\/wp-json\/wp\/v2\/types\/post"}],"author":[{"embeddable":true,"href":"https:\/\/www.europesays.com\/de\/wp-json\/wp\/v2\/users\/2"}],"replies":[{"embeddable":true,"href":"https:\/\/www.europesays.com\/de\/wp-json\/wp\/v2\/comments?post=317921"}],"version-history":[{"count":0,"href":"https:\/\/www.europesays.com\/de\/wp-json\/wp\/v2\/posts\/317921\/revisions"}],"wp:featuredmedia":[{"embeddable":true,"href":"https:\/\/www.europesays.com\/de\/wp-json\/wp\/v2\/media\/317922"}],"wp:attachment":[{"href":"https:\/\/www.europesays.com\/de\/wp-json\/wp\/v2\/media?parent=317921"}],"wp:term":[{"taxonomy":"category","embeddable":true,"href":"https:\/\/www.europesays.com\/de\/wp-json\/wp\/v2\/categories?post=317921"},{"taxonomy":"post_tag","embeddable":true,"href":"https:\/\/www.europesays.com\/de\/wp-json\/wp\/v2\/tags?post=317921"}],"curies":[{"name":"wp","href":"https:\/\/api.w.org\/{rel}","templated":true}]}}