{"id":317927,"date":"2025-08-04T09:10:15","date_gmt":"2025-08-04T09:10:15","guid":{"rendered":"https:\/\/www.europesays.com\/de\/317927\/"},"modified":"2025-08-04T09:10:15","modified_gmt":"2025-08-04T09:10:15","slug":"ab-sofort-foto-automaten-in-allen-buergerbueros","status":"publish","type":"post","link":"https:\/\/www.europesays.com\/de\/317927\/","title":{"rendered":"Ab sofort Foto-Automaten in allen B\u00fcrgerb\u00fcros"},"content":{"rendered":"<p class=\"text_ohne_einzug richtext text-em-55 !leading-serif mx-6 desktop:mx-0\">  Seit dem 1. Mai sind aufgrund gesetzlicher \u00c4nderungen bei der Beantragung von Personalausweisen oder Reisep\u00e4ssen ausschlie\u00dflich digitale biometrische Lichtbilder zul\u00e4ssig. Zur Erstellung dieser Fotos kommen ab sofort in allen D\u00fcsseldorfer B\u00fcrgerb\u00fcros Lichtbildterminals zum Einsatz, \u00fcber welche die Bilder bei Antragsstellung gegen eine Geb\u00fchr von sechs Euro direkt vor Ort am Schalter aufgenommen werden k\u00f6nnen.<\/p>\n","protected":false},"excerpt":{"rendered":"Seit dem 1. Mai sind aufgrund gesetzlicher \u00c4nderungen bei der Beantragung von Personalausweisen oder Reisep\u00e4ssen ausschlie\u00dflich digitale biometrische&hellip;\n","protected":false},"author":2,"featured_media":317928,"comment_status":"","ping_status":"","sticky":false,"template":"","format":"standard","meta":{"footnotes":""},"categories":[1831],"tags":[25868,12599,90806,12602,3364,29,26671,23190,3405,30,29920,12607,1209,12606,17807,90807],"class_list":{"0":"post-317927","1":"post","2":"type-post","3":"status-publish","4":"format-standard","5":"has-post-thumbnail","7":"category-duesseldorf","8":"tag-passbild","9":"tag-beantragung","10":"tag-benoetigt","11":"tag-buergerbuero","12":"tag-de","13":"tag-deutschland","14":"tag-digitale","15":"tag-digitales","16":"tag-duesseldorf","17":"tag-germany","18":"tag-lichtbild","19":"tag-lichtbildterminals","20":"tag-nordrhein-westfalen","21":"tag-passfoto","22":"tag-reisepass","23":"tag-reisepaessen"},"share_on_mastodon":{"url":"https:\/\/pubeurope.com\/@de\/114969721406224424","error":""},"_links":{"self":[{"href":"https:\/\/www.europesays.com\/de\/wp-json\/wp\/v2\/posts\/317927","targetHints":{"allow":["GET"]}}],"collection":[{"href":"https:\/\/www.europesays.com\/de\/wp-json\/wp\/v2\/posts"}],"about":[{"href":"https:\/\/www.europesays.com\/de\/wp-json\/wp\/v2\/types\/post"}],"author":[{"embeddable":true,"href":"https:\/\/www.europesays.com\/de\/wp-json\/wp\/v2\/users\/2"}],"replies":[{"embeddable":true,"href":"https:\/\/www.europesays.com\/de\/wp-json\/wp\/v2\/comments?post=317927"}],"version-history":[{"count":0,"href":"https:\/\/www.europesays.com\/de\/wp-json\/wp\/v2\/posts\/317927\/revisions"}],"wp:featuredmedia":[{"embeddable":true,"href":"https:\/\/www.europesays.com\/de\/wp-json\/wp\/v2\/media\/317928"}],"wp:attachment":[{"href":"https:\/\/www.europesays.com\/de\/wp-json\/wp\/v2\/media?parent=317927"}],"wp:term":[{"taxonomy":"category","embeddable":true,"href":"https:\/\/www.europesays.com\/de\/wp-json\/wp\/v2\/categories?post=317927"},{"taxonomy":"post_tag","embeddable":true,"href":"https:\/\/www.europesays.com\/de\/wp-json\/wp\/v2\/tags?post=317927"}],"curies":[{"name":"wp","href":"https:\/\/api.w.org\/{rel}","templated":true}]}}