{"id":317954,"date":"2025-08-04T09:24:11","date_gmt":"2025-08-04T09:24:11","guid":{"rendered":"https:\/\/www.europesays.com\/de\/317954\/"},"modified":"2025-08-04T09:24:11","modified_gmt":"2025-08-04T09:24:11","slug":"eisbaeren-berlin-andreas-eder-ueber-toten-bruder-traum-war-zusammenzuspielen-sport","status":"publish","type":"post","link":"https:\/\/www.europesays.com\/de\/317954\/","title":{"rendered":"Eisb\u00e4ren Berlin &#8211; Andreas Eder \u00fcber toten Bruder: Traum war, zusammenzuspielen &#8211; Sport"},"content":{"rendered":"<p data-manual=\"teaserText\" data-schema-org-speakable=\"true\">Andreas und Tobias Eder wollen in der DEL zusammen auf dem Eis stehen. Doch im Januar stirbt Tobias an Krebs. Sein Bruder spielt jetzt f\u00fcr die Eisb\u00e4ren Berlin &#8211; und sitzt auf einem besonderen Platz.<\/p>\n<p data-manual=\"paragraph\" data-schema-org-speakable=\"true\" class=\"css-xboolz\"><a href=\"https:\/\/www.sueddeutsche.de\/thema\/Berlin\" target=\"_blank\" rel=\"noopener\">Berlin<\/a> (dpa) &#8211; \u00a0Nach dem Tod seines Bruders Tobias empfindet <a href=\"https:\/\/www.sueddeutsche.de\/thema\/Eishockey\" target=\"_blank\" rel=\"noopener\">Eishockey<\/a>-Profi Andreas Eder eine tiefe Verbundenheit zu seinem neuen <a href=\"https:\/\/www.sueddeutsche.de\/thema\/DEL\" target=\"_blank\" rel=\"noopener\">DEL<\/a>-Club <a href=\"https:\/\/www.sueddeutsche.de\/thema\/Eisb%C3%A4ren\" target=\"_blank\" rel=\"noopener\">Eisb\u00e4ren<\/a> Berlin. \u201eF\u00fcr mich f\u00fchlt es sich jetzt an, als w\u00fcrde ich nach Hause kommen. Weil hier so viel Zusammenhalt und Unterst\u00fctzung im vergangenen Jahr war, \u00fcber das Normale weit hinaus. Tobi und ich haben fr\u00fcher t\u00e4glich miteinander telefoniert und er hat mir viel \u00fcber den Verein erz\u00e4hlt\u201c, sagte Eder dem \u201eTagesspiegel\u201c.<\/p>\n<p><img decoding=\"async\" src=\"https:\/\/www.europesays.com\/de\/wp-content\/uploads\/2025\/08\/0358c02d-53c9-4d71-a4ac-aebf8a2d831b.jpg\"   alt=\"Tobias Eder war im Alter von nur 26 Jahren gestorben.\" loading=\"lazy\" class=\"css-8atqhb\"\/>Tobias Eder war im Alter von nur 26 Jahren gestorben. (Foto: Andreas Gora\/dpa)<\/p>\n<p data-manual=\"paragraph\" data-schema-org-speakable=\"true\" class=\"css-xboolz\">Im Januar war Tobias Eder mit nur 26 Jahren an Speiser\u00f6hrenkrebs gestorben. Andreas machte am 12. Juli seinen Wechsel aus M\u00fcnchen in die Hauptstadt \u00f6ffentlich. Genau der Tag, an dem sein Bruder geheiratet h\u00e4tte. \u201eF\u00fcr uns alle war das nat\u00fcrlich ein schwieriger Tag, aber wir fanden es richtig, dass trotzdem etwas Gutes passiert\u201c, sagte Eder r\u00fcckblickend.\u00a0<\/p>\n<p>Besonderer Platz in der Kabine<\/p>\n<p data-manual=\"paragraph\" data-schema-org-speakable=\"true\" class=\"css-xboolz\">Mit seinem Bruder hatte er sich in den Vorjahren oft \u00fcber den DEL-Champion aus Berlin unterhalten. \u201eBevor er krank geworden ist, war es auch unser Traum, noch mal zusammenzuspielen. Wo dieser Ort gewesen w\u00e4re, wei\u00df nat\u00fcrlich niemand\u201c, sagte Eder.<\/p>\n<p data-manual=\"paragraph\" data-schema-org-speakable=\"true\" class=\"css-xboolz\">In der Eisb\u00e4ren-Kabine wird der 29-J\u00e4hrige seinem toten Bruder ganz nah sein. \u201eIch sitze jetzt sogar auf seinem Platz. Das war die Idee unseres Teambetreuers, und ich habe dieses Angebot gerne angenommen\u201c, berichtete der DEL-St\u00fcrmer.\u00a0<\/p>\n<p>Eisb\u00e4ren widmeten Eder ihren DEL-Titel\u00a0<\/p>\n<p data-manual=\"paragraph\" data-schema-org-speakable=\"true\" class=\"css-xboolz\">Der Hauptstadt-Club hatte Tobias Eder den Titelgewinn in der vergangenen Saison gewidmet. Die Erinnerung an den ehemaligen Mitspieler pr\u00e4gte die Feierlichkeiten. Eders Verlobte nahm stellvertretend die Goldmedaille entgegen. Die Spieler posierten unter anderem mit einem Trikot von Eder. Eders Tod hatte bundesweit f\u00fcr Best\u00fcrzung gesorgt.<\/p>\n<p data-manual=\"paragraph\" data-schema-org-speakable=\"true\" class=\"css-xboolz\">\u00a9 dpa-infocom, dpa:250804-930-873328\/1<\/p>\n","protected":false},"excerpt":{"rendered":"Andreas und Tobias Eder wollen in der DEL zusammen auf dem Eis stehen. Doch im Januar stirbt Tobias&hellip;\n","protected":false},"author":2,"featured_media":317955,"comment_status":"","ping_status":"","sticky":false,"template":"","format":"standard","meta":{"footnotes":""},"categories":[1825],"tags":[296,2097,29,2603,2100,30,265,149,1886,2247],"class_list":{"0":"post-317954","1":"post","2":"type-post","3":"status-publish","4":"format-standard","5":"has-post-thumbnail","7":"category-berlin","8":"tag-berlin","9":"tag-del","10":"tag-deutschland","11":"tag-eisbaeren","12":"tag-eishockey","13":"tag-germany","14":"tag-sport","15":"tag-sueddeutsche-zeitung","16":"tag-tiere","17":"tag-uber-arena"},"share_on_mastodon":{"url":"https:\/\/pubeurope.com\/@de\/114969776280533403","error":""},"_links":{"self":[{"href":"https:\/\/www.europesays.com\/de\/wp-json\/wp\/v2\/posts\/317954","targetHints":{"allow":["GET"]}}],"collection":[{"href":"https:\/\/www.europesays.com\/de\/wp-json\/wp\/v2\/posts"}],"about":[{"href":"https:\/\/www.europesays.com\/de\/wp-json\/wp\/v2\/types\/post"}],"author":[{"embeddable":true,"href":"https:\/\/www.europesays.com\/de\/wp-json\/wp\/v2\/users\/2"}],"replies":[{"embeddable":true,"href":"https:\/\/www.europesays.com\/de\/wp-json\/wp\/v2\/comments?post=317954"}],"version-history":[{"count":0,"href":"https:\/\/www.europesays.com\/de\/wp-json\/wp\/v2\/posts\/317954\/revisions"}],"wp:featuredmedia":[{"embeddable":true,"href":"https:\/\/www.europesays.com\/de\/wp-json\/wp\/v2\/media\/317955"}],"wp:attachment":[{"href":"https:\/\/www.europesays.com\/de\/wp-json\/wp\/v2\/media?parent=317954"}],"wp:term":[{"taxonomy":"category","embeddable":true,"href":"https:\/\/www.europesays.com\/de\/wp-json\/wp\/v2\/categories?post=317954"},{"taxonomy":"post_tag","embeddable":true,"href":"https:\/\/www.europesays.com\/de\/wp-json\/wp\/v2\/tags?post=317954"}],"curies":[{"name":"wp","href":"https:\/\/api.w.org\/{rel}","templated":true}]}}