{"id":317966,"date":"2025-08-04T09:30:19","date_gmt":"2025-08-04T09:30:19","guid":{"rendered":"https:\/\/www.europesays.com\/de\/317966\/"},"modified":"2025-08-04T09:30:19","modified_gmt":"2025-08-04T09:30:19","slug":"alles-was-zaehlt-heute-auf-rtl-ben-folgt-seinem-herzen-unterhaltung","status":"publish","type":"post","link":"https:\/\/www.europesays.com\/de\/317966\/","title":{"rendered":"\u201eAlles was z\u00e4hlt\u201c heute auf RTL+: Ben folgt seinem Herzen | Unterhaltung"},"content":{"rendered":"<p><b>Die beliebte Daily Soap \u201eAlles was z\u00e4hlt\u201c begeistert seit Jahren t\u00e4glich mit fesselnden Geschichten rund um Liebe, Ehrgeiz und famili\u00e4re Konflikte.<\/b><\/p>\n<p>Wer die n\u00e4chste Wendung in der Welt der Steinkamp-Familie nicht verpassen will, kann die neuesten Folgen von \u201eAlles was z\u00e4hlt\u201c bereits eine Woche vor der TV-Ausstrahlung exklusiv bei RTL+ sehen.<\/p>\n<p><b>Welche \u00dcberraschungen auf Sie warten, erfahren Sie ab 19.40 Uhr auf RTL+ oder schon jetzt hier bei BILD.<\/b><\/p>\n<p>Die neueste \u201eAlles was z\u00e4hlt\u201c-Folge auf RTL+<\/p>\n<p><b>Hier ist die <\/b><a href=\"https:\/\/www.bild.de\/themen\/specials\/tv-programm-und-vorschau-aktuelle-news-infos-Rmd0rNOS7Nc7tW2AtfVM\" class=\"text-link\" target=\"_blank\" rel=\"noopener\"><b>Vorschau<\/b><\/a><b> zur neuen \u201e<\/b><a href=\"https:\/\/www.bild.de\/unterhaltung\/tv\/alles-was-zaehlt\/alles-was-zaehlt-alle-infos-86249316.bild.html\" class=\"text-link\" target=\"_blank\" rel=\"noopener\"><b>Alles was z\u00e4hlt<\/b><\/a><b>\u201c-Folge 4757 am Montag, dem 4. August 2025 im Stream auf RTL+:<\/b><\/p>\n<p><b>+++ Achtung Spoiler: Diese Folge ist heute auf RTL+ verf\u00fcgbar und erst n\u00e4chste Woche im TV zu sehen +++<\/b><\/p>\n<p>Ben (J\u00f6rg Rohde, 41) kann die geheimnisvolle Frau, die ihm nicht mehr aus dem Kopf geht, einfach nicht vergessen. Entschlossen, sie wiederzufinden, beginnt er zu recherchieren: Die Unbekannte ist Gabriella (Bianca Hein, 49), die Tochter seiner Stiefmutter Simone (Tatjana Clasing, 61).<\/p>\n<p><img decoding=\"async\" width=\"992\" height=\"558\" alt=\"Kilian (l.) findet heraus, dass Imani (r.) etwas gegen Johannes in der Hand hat\" src=\"https:\/\/www.europesays.com\/de\/wp-content\/uploads\/2025\/08\/abcd2a71f30890e918f829ede8b21c84,b590a159\"   class=\"landscape\" loading=\"lazy\"\/><\/p>\n<p class=\"fig__caption__text\">Simones Stiefsohn hat sich in ihre Tochter verliebt<\/p>\n<p>Foto: RTL \/ Sebastian Meyer<\/p>\n<p><b>Auch bei Charlie (Shaolyn Fernandez, 38) steht alles auf der Kippe. Nach der Trennung von Milan (Vitali Huk, 28) ger\u00e4t ihre Karriere ins Wanken. Zum Gl\u00fcck f\u00e4ngt Deniz (Igor Dolgatschew, 41) sie auf \u2013 bis Charlie pl\u00f6tzlich ein beunruhigender Verdacht \u00fcberkommt.<\/b><\/p>\n<p>Unterdessen nutzt Sophia (Katharina Kron, 20) eine Gelegenheit, um ihrem Schwarm Lennox (Leif Lunburg, 23) n\u00e4herzukommen. W\u00e4hrend Isabelle (Ania Niedieck, 41) beruflich unterwegs ist, organisiert Sophia eine private Party, mit dem Ziel Eindruck machen.<\/p>\n<p><b>Werden Ben und Gabriella trotz famili\u00e4rer Verstrickungen zueinanderfinden? Und was steckt hinter Charlies d\u00fcsterem Verdacht? Das erfahren Sie schon heute exklusiv auf RTL+ und am 11. August 2025 im Free-TV.<\/b><\/p>\n<p>Wo und wann l\u00e4uft \u201eAlles was z\u00e4hlt\u201c?<\/p>\n<p><b>Die neuen Folgen von \u201eAlles was z\u00e4hlt\u201c erscheinen montags bis freitags schon 7 Tage vorab auf <\/b><a href=\"https:\/\/my.plus.rtl.de\/buchen\/initial?ref=CTA-BUCHEN-MENU&amp;utm_source=awin&amp;utm_medium=cpo&amp;utm_campaign=TVN00001_Affiliate&amp;utm_term=508711&amp;utm_content=statics.teams.cdn.office.net&amp;awc=16040_1723632692_f28796a5c3f66306bcbcc20f14e47abd\" target=\"_blank\" rel=\"noopener\" class=\"text-link--external text-link\"><b>RTL+<\/b><\/a><b> (ANZEIGE) und eine Woche sp\u00e4ter auch regul\u00e4r bei <\/b><a href=\"https:\/\/www.bild.de\/themen\/organisationen\/rtl\/groesster-privatsender-in-deutschland-19409690.bild.html\" class=\"text-link\" target=\"_blank\" rel=\"noopener\"><b>RTL<\/b><\/a><b> im Free-TV.<\/b><\/p>\n","protected":false},"excerpt":{"rendered":"Die beliebte Daily Soap \u201eAlles was z\u00e4hlt\u201c begeistert seit Jahren t\u00e4glich mit fesselnden Geschichten rund um Liebe, Ehrgeiz&hellip;\n","protected":false},"author":2,"featured_media":317967,"comment_status":"","ping_status":"","sticky":false,"template":"","format":"standard","meta":{"footnotes":""},"categories":[1773],"tags":[2303,2305,29,214,2287,30,640,2286,471,1780,45,2304,215],"class_list":{"0":"post-317966","1":"post","2":"type-post","3":"status-publish","4":"format-standard","5":"has-post-thumbnail","7":"category-serien","8":"tag-alles-was-zaehlt","9":"tag-daily-soap","10":"tag-deutschland","11":"tag-entertainment","12":"tag-g-standard","13":"tag-germany","14":"tag-rtl","15":"tag-seo-nicht-benutzen","16":"tag-serien","17":"tag-series","18":"tag-texttospeech","19":"tag-tv-formate","20":"tag-unterhaltung"},"share_on_mastodon":{"url":"https:\/\/pubeurope.com\/@de\/114969800058892112","error":""},"_links":{"self":[{"href":"https:\/\/www.europesays.com\/de\/wp-json\/wp\/v2\/posts\/317966","targetHints":{"allow":["GET"]}}],"collection":[{"href":"https:\/\/www.europesays.com\/de\/wp-json\/wp\/v2\/posts"}],"about":[{"href":"https:\/\/www.europesays.com\/de\/wp-json\/wp\/v2\/types\/post"}],"author":[{"embeddable":true,"href":"https:\/\/www.europesays.com\/de\/wp-json\/wp\/v2\/users\/2"}],"replies":[{"embeddable":true,"href":"https:\/\/www.europesays.com\/de\/wp-json\/wp\/v2\/comments?post=317966"}],"version-history":[{"count":0,"href":"https:\/\/www.europesays.com\/de\/wp-json\/wp\/v2\/posts\/317966\/revisions"}],"wp:featuredmedia":[{"embeddable":true,"href":"https:\/\/www.europesays.com\/de\/wp-json\/wp\/v2\/media\/317967"}],"wp:attachment":[{"href":"https:\/\/www.europesays.com\/de\/wp-json\/wp\/v2\/media?parent=317966"}],"wp:term":[{"taxonomy":"category","embeddable":true,"href":"https:\/\/www.europesays.com\/de\/wp-json\/wp\/v2\/categories?post=317966"},{"taxonomy":"post_tag","embeddable":true,"href":"https:\/\/www.europesays.com\/de\/wp-json\/wp\/v2\/tags?post=317966"}],"curies":[{"name":"wp","href":"https:\/\/api.w.org\/{rel}","templated":true}]}}