{"id":317988,"date":"2025-08-04T09:41:28","date_gmt":"2025-08-04T09:41:28","guid":{"rendered":"https:\/\/www.europesays.com\/de\/317988\/"},"modified":"2025-08-04T09:41:28","modified_gmt":"2025-08-04T09:41:28","slug":"halle-macht-grundschulkinder-zu-bewegungshelden","status":"publish","type":"post","link":"https:\/\/www.europesays.com\/de\/317988\/","title":{"rendered":"Halle macht Grundschulkinder zu &#8222;Bewegungshelden&#8220;"},"content":{"rendered":"<p _ngcontent-sc113=\"\"> 04. August 2025 \u2013 Radio Brocken <\/p>\n<p _ngcontent-sc85=\"\" align=\"false\">Halle macht Grundschulkinder zu &#8222;Bewegungshelden&#8220;. Ab dem neuen Schuljahr startet das Projekt an drei ausgew\u00e4hlten Schulen, um Bewegung fest im Schulalltag zu verankern. Am 15. August gibt es auch einen \u00f6ffentlichen Aktionstag auf der W\u00fcrfelwiese mit Bewegungsparcours, Gesundheitsquiz und einer Entspannungsinsel.<\/p>\n","protected":false},"excerpt":{"rendered":"04. August 2025 \u2013 Radio Brocken Halle macht Grundschulkinder zu &#8222;Bewegungshelden&#8220;. Ab dem neuen Schuljahr startet das Projekt&hellip;\n","protected":false},"author":2,"featured_media":317989,"comment_status":"","ping_status":"","sticky":false,"template":"","format":"standard","meta":{"footnotes":""},"categories":[1860],"tags":[4057,4055,4056,3951,4052,3364,29,548,663,3934,30,4059,4062,17332,13,4006,4060,4063,4053,810,14,15,83,4061,17331,860,4054,12,4058,4051],"class_list":{"0":"post-317988","1":"post","2":"type-post","3":"status-publish","4":"format-standard","5":"has-post-thumbnail","7":"category-halle-saale","8":"tag-2000er","9":"tag-80er","10":"tag-90er","11":"tag-aktion","12":"tag-brocken","13":"tag-de","14":"tag-deutschland","15":"tag-eu","16":"tag-europa","17":"tag-europe","18":"tag-germany","19":"tag-gewinnen","20":"tag-halle","21":"tag-halle-saale","22":"tag-headlines","23":"tag-live","24":"tag-lokal","25":"tag-magdeburg","26":"tag-morgenshow","27":"tag-musik","28":"tag-nachrichten","29":"tag-news","30":"tag-radio","31":"tag-regional","32":"tag-saale","33":"tag-sachsen-anhalt","34":"tag-saxony","35":"tag-schlagzeilen","36":"tag-stream","37":"tag-team"},"share_on_mastodon":{"url":"https:\/\/pubeurope.com\/@de\/114969843169979532","error":""},"_links":{"self":[{"href":"https:\/\/www.europesays.com\/de\/wp-json\/wp\/v2\/posts\/317988","targetHints":{"allow":["GET"]}}],"collection":[{"href":"https:\/\/www.europesays.com\/de\/wp-json\/wp\/v2\/posts"}],"about":[{"href":"https:\/\/www.europesays.com\/de\/wp-json\/wp\/v2\/types\/post"}],"author":[{"embeddable":true,"href":"https:\/\/www.europesays.com\/de\/wp-json\/wp\/v2\/users\/2"}],"replies":[{"embeddable":true,"href":"https:\/\/www.europesays.com\/de\/wp-json\/wp\/v2\/comments?post=317988"}],"version-history":[{"count":0,"href":"https:\/\/www.europesays.com\/de\/wp-json\/wp\/v2\/posts\/317988\/revisions"}],"wp:featuredmedia":[{"embeddable":true,"href":"https:\/\/www.europesays.com\/de\/wp-json\/wp\/v2\/media\/317989"}],"wp:attachment":[{"href":"https:\/\/www.europesays.com\/de\/wp-json\/wp\/v2\/media?parent=317988"}],"wp:term":[{"taxonomy":"category","embeddable":true,"href":"https:\/\/www.europesays.com\/de\/wp-json\/wp\/v2\/categories?post=317988"},{"taxonomy":"post_tag","embeddable":true,"href":"https:\/\/www.europesays.com\/de\/wp-json\/wp\/v2\/tags?post=317988"}],"curies":[{"name":"wp","href":"https:\/\/api.w.org\/{rel}","templated":true}]}}