{"id":318000,"date":"2025-08-04T09:47:11","date_gmt":"2025-08-04T09:47:11","guid":{"rendered":"https:\/\/www.europesays.com\/de\/318000\/"},"modified":"2025-08-04T09:47:11","modified_gmt":"2025-08-04T09:47:11","slug":"veranstaltungstipps-der-stadt-gelsenkirchen-veranstaltungen-vom-9-bis-17-august","status":"publish","type":"post","link":"https:\/\/www.europesays.com\/de\/318000\/","title":{"rendered":"Veranstaltungstipps der Stadt Gelsenkirchen: Veranstaltungen vom 9. bis 17. August"},"content":{"rendered":"<p><b>Samstag, 9. August<\/b><br \/>13 Uhr: Buer ganz lecker \u2013 Kulinarischer Stadtrundgang Buer, Treffpunkt: Rathaus Buer.<br \/>19 Uhr: Filmschaupl\u00e4tze NRW: Hagen \u2013 Im Tal der Nibelungen, KBZ Schloss Horst (Schlosspark).<br \/>19 Uhr: Kulturbiergarten \u2013 Boat People \u2013 Kensington Road, Urbanus-Park am Michaelshaus.<br \/>19.30 Uhr: Yellow Moon \u2013 Sham Rock \u2019n\u2019 Blues Band, Alfred-Zingler-Haus.<br \/><b><br \/>Sonntag, 10. August<br \/><\/b>9 Uhr: SGV-Wanderung rund um die Duisburger Sechs-Seen-Platte, Treffpunkt Hauptbahnhof.<br \/>11 Uhr: Kulturbiergarten \u2013 Flohmarkt, Urbanus-Park am Michaelshaus.<br \/>12.45 Uhr: Niki de Saint Phalle, Schauburg.<br \/>14 Uhr: Shift, Domizil des BGK, Bergmannstra\u00dfe 53.<br \/>15 Uhr: Offene Bleckkirche.<br \/>18 Uhr: Sommersound: Sofia Talvik, Musikpavillon im Stadtgarten.<\/p>\n<p><b>Montag, 11. August<\/b><br \/>10 Uhr: Tanzen, Kunstschule.<br \/>10 Uhr: Siebdruck, Kunstschule.<br \/>11 bis 13 Uhr: Escape Room \u2013 \u201eDer entf\u00fchrte Autor\u201c, Stadtteilbibliothek Horst.<br \/>17.45 und 20.15 Uhr: Niki de Saint Phalle, Schauburg.<br \/>18.30 Uhr: Halbe Stunde lesen, Readymade Buchhandlung.<br \/>20 Uhr: Buerscher Orgelsommer 2025 \u2013 Mit Burkhard Ascherl (Bad Kissing), Propsteikirche St. Urbanus.<\/p>\n<p><b>Dienstag, 12. August<\/b><br \/>10 Uhr: Tanzen, Kunstschule.<br \/>10 Uhr: Siebdruck, Kunstschule.<br \/>11 Uhr: Welche Rolle ich schon immer schon einmal spielen wollte (Workshop  f\u00fcr Kinder und Jugendliche), Stadtteilbibliothek Buer im Linden-Karree.<br \/>14 Uhr: Mission Wasser \u2013 Auf Spurensuche im Alltag, Kunstmuseum.<br \/>17.45 und 20.15 Uhr: Black Bag \u2013 Doppeltes Spiel, Schauburg.<br \/>19 Uhr: Kulturbiergarten \u2013 Charly\u2019s Rock &amp; Pop Quiz, Urbanus-Park am Michaelshaus.<\/p>\n<p><b>Mittwoch, 13. August<\/b><br \/>9 bis 13.30 Uhr: Escape Room \u2013 \u201eDer entf\u00fchrte Autor\u201c, Stadtteilbibliothek Horst.<br \/>10 Uhr: Tanzen, Kunstschule.<br \/>10 Uhr: Siebdruck, Kunstschule.<br \/>10 Uhr: Sommerferien im Erlebnismuseum, Schloss Horst KBZ (Glashalle).<br \/>19.30 Uhr: Kulturbiergarten \u2013 Ricki\u2019s Meutes\u00e4nger, Urbanus-Park am Michaelshaus.<\/p>\n<p><b>Donnerstag, 14. August<\/b><br \/>10 Uhr: Tanzen, Kunstschule.<br \/>10 Uhr: Siebdruck, Kunstschule.<br \/>11 bis 15.30 Uhr: Escape Room \u2013 \u201eDer entf\u00fchrte Autor\u201c, Stadtteilbibliothek Horst.<br \/>16 Uhr: \u201eQwatsch\u201c Nachbarschafts- &amp; Sprachcaf\u00e9, GeOrgel, Bochumer Stra\u00dfe 150.<br \/>16.30 Uhr: Vorlesen und Basteln in der Stadtteilbibliothek Horst.<br \/>19.30 Uhr: Kulturbiergarten \u2013 The Blues Brawler, Urbanus-Park am Michaelshaus.<\/p>\n<p><b>Freitag, 15. August<\/b><br \/>10 Uhr: Tanzen, Kunstschule.<br \/>11 bis 15.30 Uhr: Escape Room \u2013 \u201eDer entf\u00fchrte Autor\u201c, Stadtteilbibliothek Horst.<br \/>18 Uhr: Gelsenkirchen durch die Zeit, Schauburg Filmpalast.<br \/>20 Uhr: Kulturbiergarten \u2013 Ingo Appelt (ab 19 Uhr: Matt Warren), Urbanus-Park am Michaelshaus.<\/p>\n<p><b>Samstag, 16. August<\/b><br \/>10 Uhr: Naturkundef\u00fchrung in den Sommerferien, Treffpunkt: Pf\u00f6rtnerhaus an der Egonstra\u00dfe 12.<br \/>14 Uhr: Spaziergang \u201eKunst im \u00f6ffentlichen Raum\u201c, Treffpunkt: Musiktheater im Revier.<br \/>19.30 Uhr: Singen macht fr\u00f6hlich \u2013 Sing mit im Alfred-Zingler-Haus.<br \/>19.30 Uhr: Kulturbiergarten \u2013 Die Gabys, Urbanus-Park am Michaelshaus.<\/p>\n<p><b>Sonntag, 17. August<br \/><\/b>9.40 Uhr: SGV-Wanderung von Flaesheim nach Hullern, Treffpunkt Hauptbahnhof.<br \/>12 Uhr: Sondertour \u201e150 Jahre Gelsenkirchen\u201c, Start\/Ziel: Buer Busbahnhof (Reisebushaltestelle).<br \/>12.45 Uhr: Voil\u00e0, Papa! \u2013 Der fast perfekte Schwiegersohn, Schauburg Filmpalast.<br \/>15 Uhr: Offene Bleckkirche.<br \/>17 Uhr: Kulturbiergarten \u2013 Kneipenquiz Gelsenstyle, Urbanus-Park am Michaelshaus.<br \/>18 Uhr: Sommersound: Elsa Johanna Mohr feat. Fl\u00e1vio Nunes, Musikpavillon im Stadtgarten.<br \/>18.30 Uhr: Chris de Burgh Solo, Amphitheater im Nordsternpark.<br \/>19.30 Uhr: Sommersound: Marion &amp; Sobo Band, Musikpavillon im Stadtgarten.<\/p>\n","protected":false},"excerpt":{"rendered":"Samstag, 9. August13 Uhr: Buer ganz lecker \u2013 Kulinarischer Stadtrundgang Buer, Treffpunkt: Rathaus Buer.19 Uhr: Filmschaupl\u00e4tze NRW: Hagen&hellip;\n","protected":false},"author":2,"featured_media":318001,"comment_status":"","ping_status":"","sticky":false,"template":"","format":"standard","meta":{"footnotes":""},"categories":[1848],"tags":[3364,29,548,663,3934,3658,30,13,14,15,1209,12],"class_list":{"0":"post-318000","1":"post","2":"type-post","3":"status-publish","4":"format-standard","5":"has-post-thumbnail","7":"category-gelsenkirchen","8":"tag-de","9":"tag-deutschland","10":"tag-eu","11":"tag-europa","12":"tag-europe","13":"tag-gelsenkirchen","14":"tag-germany","15":"tag-headlines","16":"tag-nachrichten","17":"tag-news","18":"tag-nordrhein-westfalen","19":"tag-schlagzeilen"},"share_on_mastodon":{"url":"https:\/\/pubeurope.com\/@de\/114969866733916864","error":""},"_links":{"self":[{"href":"https:\/\/www.europesays.com\/de\/wp-json\/wp\/v2\/posts\/318000","targetHints":{"allow":["GET"]}}],"collection":[{"href":"https:\/\/www.europesays.com\/de\/wp-json\/wp\/v2\/posts"}],"about":[{"href":"https:\/\/www.europesays.com\/de\/wp-json\/wp\/v2\/types\/post"}],"author":[{"embeddable":true,"href":"https:\/\/www.europesays.com\/de\/wp-json\/wp\/v2\/users\/2"}],"replies":[{"embeddable":true,"href":"https:\/\/www.europesays.com\/de\/wp-json\/wp\/v2\/comments?post=318000"}],"version-history":[{"count":0,"href":"https:\/\/www.europesays.com\/de\/wp-json\/wp\/v2\/posts\/318000\/revisions"}],"wp:featuredmedia":[{"embeddable":true,"href":"https:\/\/www.europesays.com\/de\/wp-json\/wp\/v2\/media\/318001"}],"wp:attachment":[{"href":"https:\/\/www.europesays.com\/de\/wp-json\/wp\/v2\/media?parent=318000"}],"wp:term":[{"taxonomy":"category","embeddable":true,"href":"https:\/\/www.europesays.com\/de\/wp-json\/wp\/v2\/categories?post=318000"},{"taxonomy":"post_tag","embeddable":true,"href":"https:\/\/www.europesays.com\/de\/wp-json\/wp\/v2\/tags?post=318000"}],"curies":[{"name":"wp","href":"https:\/\/api.w.org\/{rel}","templated":true}]}}