{"id":318023,"date":"2025-08-04T10:00:14","date_gmt":"2025-08-04T10:00:14","guid":{"rendered":"https:\/\/www.europesays.com\/de\/318023\/"},"modified":"2025-08-04T10:00:14","modified_gmt":"2025-08-04T10:00:14","slug":"kommunalwahl-in-bochum-wahlbenachrichtigungen-unterwegs","status":"publish","type":"post","link":"https:\/\/www.europesays.com\/de\/318023\/","title":{"rendered":"Kommunalwahl in Bochum: Wahlbenachrichtigungen unterwegs"},"content":{"rendered":"<p class=\"small date article__date\">Ver\u00f6ffentlicht:\u00a0Montag, 04.08.2025 11:45<\/p>\n<p>Ab heute werden die Benachrichtigungen f\u00fcr die Kommunalwahl bei uns in Bochum verschickt. Eine Ratsfraktion ist nicht auf dem Wahlzettel.<\/p>\n<p><img decoding=\"async\" alt=\"\" src=\"https:\/\/www.europesays.com\/de\/wp-content\/uploads\/2025\/08\/fotolia_130290272_s_copyright.jpg&#038;crop=0x37x849x531&#038;resize=849x531&#038;dt=201907091736290.jpeg\" data-size=\"849x531\"\/>\u00a9 roibu &#8211; FotoliaBochum: Was in den Wahlbenachrichtigungen steht<\/p>\n<p>Ab heute (4.8.) werden die Wahlbenachrichtigungen f\u00fcr die Kommunalwahl bei uns in Bochum verschickt. Das teilt das NRW-Innenministerium mit. In den Unterlagen steht, in welchem Wahllokal ihr w\u00e4hlen m\u00fcsst &#8211; und wie ihr die Briefwahl beantragen k\u00f6nnt. Die Wahl ist dann am 14. September.<\/p>\n<p>B\u00fcndnis Deutschland in Bochum nicht zugelassen<\/p>\n<p>Das B\u00fcndnis Deutschland wird nicht auf dem Wahlzettel stehen. Das hat uns die Stadt Bochum best\u00e4tigt. Aktuell hat das B\u00fcndnis eine f\u00fcnfk\u00f6pfige Ratsfraktion, die fr\u00fcher der AfD angeh\u00f6rte. Es ist aber nicht zur Wahl zugelassen, weil es laut der Stadt keine Wahlvorschl\u00e4ge gab. Wie die WAZ berichtet, fehlten der Partei die n\u00f6tigen 800 Unterst\u00fctzungsunterschriften.<\/p>\n","protected":false},"excerpt":{"rendered":"Ver\u00f6ffentlicht:\u00a0Montag, 04.08.2025 11:45 Ab heute werden die Benachrichtigungen f\u00fcr die Kommunalwahl bei uns in Bochum verschickt. Eine Ratsfraktion&hellip;\n","protected":false},"author":2,"featured_media":318024,"comment_status":"","ping_status":"","sticky":false,"template":"","format":"standard","meta":{"footnotes":""},"categories":[1839],"tags":[7507,3364,29,30,10917,1209],"class_list":{"0":"post-318023","1":"post","2":"type-post","3":"status-publish","4":"format-standard","5":"has-post-thumbnail","7":"category-bochum","8":"tag-bochum","9":"tag-de","10":"tag-deutschland","11":"tag-germany","12":"tag-kommunalwahl","13":"tag-nordrhein-westfalen"},"share_on_mastodon":{"url":"https:\/\/pubeurope.com\/@de\/114969917890766514","error":""},"_links":{"self":[{"href":"https:\/\/www.europesays.com\/de\/wp-json\/wp\/v2\/posts\/318023","targetHints":{"allow":["GET"]}}],"collection":[{"href":"https:\/\/www.europesays.com\/de\/wp-json\/wp\/v2\/posts"}],"about":[{"href":"https:\/\/www.europesays.com\/de\/wp-json\/wp\/v2\/types\/post"}],"author":[{"embeddable":true,"href":"https:\/\/www.europesays.com\/de\/wp-json\/wp\/v2\/users\/2"}],"replies":[{"embeddable":true,"href":"https:\/\/www.europesays.com\/de\/wp-json\/wp\/v2\/comments?post=318023"}],"version-history":[{"count":0,"href":"https:\/\/www.europesays.com\/de\/wp-json\/wp\/v2\/posts\/318023\/revisions"}],"wp:featuredmedia":[{"embeddable":true,"href":"https:\/\/www.europesays.com\/de\/wp-json\/wp\/v2\/media\/318024"}],"wp:attachment":[{"href":"https:\/\/www.europesays.com\/de\/wp-json\/wp\/v2\/media?parent=318023"}],"wp:term":[{"taxonomy":"category","embeddable":true,"href":"https:\/\/www.europesays.com\/de\/wp-json\/wp\/v2\/categories?post=318023"},{"taxonomy":"post_tag","embeddable":true,"href":"https:\/\/www.europesays.com\/de\/wp-json\/wp\/v2\/tags?post=318023"}],"curies":[{"name":"wp","href":"https:\/\/api.w.org\/{rel}","templated":true}]}}