{"id":318027,"date":"2025-08-04T10:02:13","date_gmt":"2025-08-04T10:02:13","guid":{"rendered":"https:\/\/www.europesays.com\/de\/318027\/"},"modified":"2025-08-04T10:02:13","modified_gmt":"2025-08-04T10:02:13","slug":"huendin-tauscht-ukraine-krieg-gegen-hundeparadies","status":"publish","type":"post","link":"https:\/\/www.europesays.com\/de\/318027\/","title":{"rendered":"H\u00fcndin tauscht Ukraine-Krieg gegen Hundeparadies"},"content":{"rendered":"<ol class=\"id-DonaldBreadcrumb lp_west_breadcrumb id-DonaldBreadcrumb--default\" data-k5a-pos=\"west_breadcrumb\">\n<li class=\"id-Breadcrumb-item\"><a href=\"https:\/\/www.wa.de\/\" class=\"id-Breadcrumb-link\" data-id-ec=\"{\" shn=\"\" textlink=\"\" data-k5a-pos=\"1_waDe\" rel=\"nofollow noopener\" target=\"_blank\">wa.de<\/a><\/li>\n<li class=\"id-Breadcrumb-item\"><a href=\"https:\/\/www.wa.de\/nordrhein-westfalen\/\" class=\"id-Breadcrumb-link\" data-id-ec=\"{\" shn=\"\" textlink=\"\" data-k5a-pos=\"2_nrw\" rel=\"nofollow noopener\" target=\"_blank\">NRW<\/a><\/li>\n<\/ol>\n<p class=\"id-Story-timestamp id-Story-timestamp--default\">Stand: 04.08.2025, 11:41 Uhr<\/p>\n<p class=\"id-Story-authors id-Story-authors--default\">Von: <a class=\"id-Story-authors-link lp_west_author\" href=\"https:\/\/www.wa.de\/autor\/lena-seiferlin-swqr0b64.html\" title=\"Zur Autorenseite von Lena Seiferlin\" data-id-ec=\"{\" shn=\"\" author-link=\"\" seiferlin=\"\" data-k5a-pos=\"west_author\" rel=\"nofollow noopener\" target=\"_blank\">Lena Seiferlin<\/a><\/p>\n<p class=\"id-Story-interactionBar id-Story-interactionBar--default\">DruckenTeilen<\/p>\n<p class=\"id-StoryElement-leadText\">Als Maggie noch Chapa war, waren Unsicherheit, Krieg und Operationen ihr Leben. Heute lebt die H\u00fcndin sicher in Dortmund \u2013 und hat ein Hundeparadies gefunden.<\/p>\n<p class=\"id-StoryElement-paragraph\">Dortmund-Lichtendorf \u2013 Die \u00fcberdimensional gro\u00dfen Ohren wackeln hin und her, von hinten nach vorne. Maggie lauscht, will wissen, wo ihr bester Freund Fino ist. Mit ihrem neuen Hundebruder tobt die H\u00fcndin aus der Ukraine am allerliebsten. Maggie hie\u00df fr\u00fcher Chapa, noch bis vor anderthalb Monaten. Da war sie noch im Tierheim Iserlohn, soeben gerettet aus dem <a href=\"https:\/\/www.wa.de\/nordrhein-westfalen\/vox-moderatorin-vermittelt-blinde-huendin-chapa-nach-nrw-sie-sucht-ein-zuhause-93647960.html\" class=\"id-import-Link\" data-id-ec=\"{&quot;sht&quot;:&quot;Container&quot;,&quot;shn&quot;:&quot;Story&quot;,&quot;p&quot;:{&quot;containerType&quot;:&quot;Paragraph&quot;,&quot;displayType&quot;:&quot;Paragraph InlineLink&quot;,&quot;type&quot;:&quot;INLINE_LINK&quot;,&quot;value&quot;:&quot;Ukraine-Krieg von Vox-Moderatorin und Tiersch&#xFC;tzerin Judith Pein&quot;,&quot;variant&quot;:&quot;standardLink&quot;,&quot;sponsored&quot;:false,&quot;linkHref&quot;:&quot;https:\/\/www.wa.de\/nordrhein-westfalen\/vox-moderatorin-vermittelt-blinde-huendin-chapa-nach-nrw-sie-sucht-ein-zuhause-93647960.html&quot;,&quot;storyElementPosition&quot;:8,&quot;storyElementCount&quot;:31}}\" rel=\"nofollow noopener\" target=\"_blank\">Ukraine-Krieg von Vox-Moderatorin und Tiersch\u00fctzerin Judith Pein<\/a>. Die hatte Chapa damals zun\u00e4chst nach Polen und dann weiter nach Iserlohn vermittelt.<\/p>\n<p><img decoding=\"async\" class=\"id-RatioPlaceholder-element wv_story_el_image\" src=\"https:\/\/www.europesays.com\/de\/wp-content\/uploads\/2025\/08\/1754301731_783_39179898-maggie-hat-nun-ein-liebevolles-zuhause-2Q7ksjO2ijBG.jpg\" loading=\"lazy\"   height=\"825\" width=\"1100\" alt=\"Maggie hat nun ein liebevolles Zuhause.\"\/>Maggie hat nun ein liebevolles Zuhause. \u00a9\u00a0Lisa RemmertH\u00fcndin aus dem Ukraine-Krieg wohnt jetzt an Wald und Feld<\/p>\n<p class=\"id-StoryElement-paragraph\">Und im Tierheim Iserlohn entdeckten sie ihre neuen \u201eEltern\u201c, Lisa Remmert und Martin Nienhues. Die beiden wohnen in Dortmund-Lichtendorf, mit Hund Fino, gro\u00dfem Garten und nah an Wald und Feld \u2013 ein Hundeparadies. Und eins f\u00fcr <a href=\"https:\/\/www.landtiere.de\/katzen\/\" class=\"id-import-Link id-pageApi-Link--externalDomain\" title=\"Katzen\" data-id-ec=\"{&quot;sht&quot;:&quot;Container&quot;,&quot;shn&quot;:&quot;Story&quot;,&quot;p&quot;:{&quot;containerType&quot;:&quot;Paragraph&quot;,&quot;displayType&quot;:&quot;Paragraph InlineLink&quot;,&quot;type&quot;:&quot;INLINE_LINK&quot;,&quot;value&quot;:&quot;Katzen&quot;,&quot;variant&quot;:&quot;standardLink&quot;,&quot;sponsored&quot;:false,&quot;linkHref&quot;:&quot;https:\/\/www.landtiere.de\/katzen\/&quot;,&quot;storyElementPosition&quot;:12,&quot;storyElementCount&quot;:31}}\" rel=\"nofollow noopener\" target=\"_blank\">Katzen<\/a>, denn zwei Kater geh\u00f6ren auch noch zu der Wohngemeinschaft.<\/p>\n<p class=\"id-StoryElement-paragraph\">Als Lisa und Martin im WDR <a href=\"https:\/\/www.wa.de\/nordrhein-westfalen\/nach-neun-jahren-zurueck-im-tierheim-monte-hatte-einen-richtigen-schock-93771783.html\" class=\"id-import-Link\" data-id-ec=\"{&quot;sht&quot;:&quot;Container&quot;,&quot;shn&quot;:&quot;Story&quot;,&quot;p&quot;:{&quot;containerType&quot;:&quot;Paragraph&quot;,&quot;displayType&quot;:&quot;Paragraph InlineLink&quot;,&quot;type&quot;:&quot;INLINE_LINK&quot;,&quot;value&quot;:&quot;Hund Monte&quot;,&quot;variant&quot;:&quot;standardLink&quot;,&quot;sponsored&quot;:false,&quot;linkHref&quot;:&quot;https:\/\/www.wa.de\/nordrhein-westfalen\/nach-neun-jahren-zurueck-im-tierheim-monte-hatte-einen-richtigen-schock-93771783.html&quot;,&quot;storyElementPosition&quot;:14,&quot;storyElementCount&quot;:31}}\" rel=\"nofollow noopener\" target=\"_blank\">Hund Monte<\/a> entdeckten, konnten sie sich vorstellen, ihn als Zweithund zu Fino zu sich zu holen. \u201eWir hatten uns gedacht, wenn ein Zweithund, dann sollte Fino noch nicht zu alt sein\u201c, erz\u00e4hlt Lisa Remmert im Gespr\u00e4ch mit wa.de. \u201eEr hat jetzt das perfekte Alter und als wir Monte gesehen haben, dachten wir, der w\u00e4re doch super, mit dem Garten und so.\u201c<\/p>\n<p>Monte war es noch nicht \u2013 doch H\u00fcndin Chapa erweichte das Herz<\/p>\n<p class=\"id-StoryElement-paragraph\">Doch im Tierheim Iserlohn hatten sie Bedenken wegen der Katzen der beiden. \u201eDann sind wir noch eine Runde gegangen und haben Chapa entdeckt. Die hat uns direkt interessiert und dann haben sie die auch sofort f\u00fcr einen Spaziergang fertig gemacht\u201c, sagt Lisa Remmert. Und dann ging es ganz schnell. Am Sonntag waren sie gleich noch mal mit Fino da, beide verstanden sich, am Dienstag dann Probe-Tag f\u00fcr Chapa in Dortmund.<\/p>\n<p>NRW mit Hund: Die sch\u00f6nsten Ausflugsziele f\u00fcr das ganze Jahr<img decoding=\"async\" class=\"id-RatioPlaceholder-element wv_story_el_interstitialImage\" src=\"https:\/\/www.europesays.com\/de\/wp-content\/uploads\/2025\/08\/1754301731_768_38953426-ausflugsziele-mit-hund-in-nordrhein-westfalen-3Wfe.jpg\" loading=\"lazy\"   height=\"2667\" width=\"4000\" alt=\"Hund und Frau oberhalb des Baldeneysees in Essen, Ruhrgebiet\"\/><a href=\"https:\/\/www.wa.de\/nordrhein-westfalen\/nrw-mit-hund-die-schoensten-ausflugsziele-fuer-das-ganze-jahr-93835193.html\" class=\"id-StoryElement-intestitialLink-link\" data-id-ec=\"{\" shn=\"\" ansehen=\"\" data-k5a-pos=\"west_story_17_photoGalleryLink\" title=\"Zur Fotostrecke: NRW mit Hund: Die sch&#xF6;nsten Ausflugsziele f&#xFC;r das ganze Jahr\" rel=\"nofollow noopener\" target=\"_blank\">Fotostrecke ansehen<\/a><\/p>\n<p class=\"id-StoryElement-paragraph\">\u201eUnd ab da ist sie nicht mehr ausgezogen\u201c, erz\u00e4hlt Martin Nienhues. \u201eWir wollten sie zwar erst wieder ins Tierheim bringen, wie vereinbart, durften sie aber gleich wieder mit nach Hause nehmen.\u201c Damit war f\u00fcr Chapa und die ganze Familie alles klar. Sie wurde Maggie und durfte immer mehr ankommen, sich mit Hund und Katern anfreunden.<\/p>\n<p>Traumpaar mit Ersthund Fino, Termine in der Augenklinik<\/p>\n<p class=\"id-StoryElement-paragraph\">Fino war am Anfang schockverliebt, \u201edann kam erst mal eine Woche, in der er kn\u00fctterig war, der w\u00e4re gerne wieder Einzelprinz gewesen, glaub ich\u201c, sagt Lisa Remmert. Doch kurz darauf gew\u00f6hnte sich Fino an die neue Mitbewohnerin und seitdem sind sie unzertrennlich. \u201eJetzt spielen die stundenlang, rennen durch den Garten, durchs Haus\u201c, erz\u00e4hlt sie, und: Fino ist ein bisschen zum Blindenhund geworden. <\/p>\n<p><img decoding=\"async\" class=\"id-RatioPlaceholder-element wv_story_el_image\" src=\"https:\/\/www.europesays.com\/de\/wp-content\/uploads\/2025\/08\/1754301733_292_39179917-maggie-versteht-sich-sehr-gut-mit-hund-kimba-30b6oAaHnDBG.jpg\" loading=\"lazy\"   height=\"1467\" width=\"1100\" alt=\"Maggie versteht sich sehr gut mit Hund Kimba.\"\/>Maggie versteht sich sehr gut mit Hund Fino. \u00a9\u00a0Lisa Remmert<\/p>\n<p class=\"id-StoryElement-paragraph\">Denn Maggie sieht vermutlich gar nichts mehr. Schon in der Ukraine war ihr eines Auge vergr\u00f6\u00dfert, mindestens das andere sicher erblindet, in Polen wurde sie dann operiert, bevor sie nach Iserlohn kam. \u201eWir waren jetzt letzte Woche in der Augenklinik und da hie\u00df es, dass sie ziemlich sicher blind ist\u201c, sagt Lisa Remmert. Und Martin Nienhues erg\u00e4nzt: \u201eWir wollen noch eine zweite Meinung einholen, nur zur Sicherheit, weil sie ja hoffentlich noch ein langes Leben vor sich hat.\u201c<\/p>\n<p>Orientierung \u00fcber Geruchs- und H\u00f6rsinn<\/p>\n<p class=\"id-StoryElement-paragraph\">Zweieinhalb Jahre ist Maggie alt und seitdem sie mehr und mehr ankommt, wird sie auch sicherer. \u201eIm Wald an der Schleppleine geht sie auch voran, macht sich gro\u00df\u201c, sagt Lisa Remmert, und sie lausche und wittere immer mal wieder, bleibe extra stehen. \u201eDann bemerkt sie etwas, noch vor uns, wir sehen noch nichts, und dann kommt pl\u00f6tzlich jemand um die Ecke.\u201c <\/p>\n<p class=\"id-StoryElement-paragraph\">Maggie kommt also super klar mit ihrer Erblindung. Und nicht nur das: Dadurch, dass ihr H\u00f6r- und Geruchssinn umso ausgepr\u00e4gter sind, ist sie ein Ass beim Mantrailing. Dahin gehen die beiden neuen Menschen sowieso schon mit Fino, \u201eund dann dachten wir, nehmen wir Maggie auch einfach mal mit\u201c. Am Ende war sogar die Hundetrainerin begeistert von Maggies Talent, erz\u00e4hlt Lisa Remmert. Am Freitag kommt sie gleich wieder mit zum Training. <\/p>\n<p class=\"id-StoryElement-paragraph\">Lisa Remmert und Martin Nienhues sind dem Tierheim Iserlohn, wie auch Judith Pein, sehr dankbar f\u00fcr alles. \u201eSie sind die wahren Helden in unserer Geschichte\u201c, erz\u00e4hlen sie.<\/p>\n<p class=\"id-StoryElement-paragraph\">Ein echtes Hundeparadies hat sie gewonnen, wie es so viele <a href=\"https:\/\/www.landtiere.de\/hunde\/\" class=\"id-import-Link id-pageApi-Link--externalDomain\" title=\"Hunde\" data-id-ec=\"{&quot;sht&quot;:&quot;Container&quot;,&quot;shn&quot;:&quot;Story&quot;,&quot;p&quot;:{&quot;containerType&quot;:&quot;Paragraph&quot;,&quot;displayType&quot;:&quot;Paragraph InlineLink&quot;,&quot;type&quot;:&quot;INLINE_LINK&quot;,&quot;value&quot;:&quot;Hunde&quot;,&quot;variant&quot;:&quot;standardLink&quot;,&quot;sponsored&quot;:false,&quot;linkHref&quot;:&quot;https:\/\/www.landtiere.de\/hunde\/&quot;,&quot;storyElementPosition&quot;:31,&quot;storyElementCount&quot;:31}}\" rel=\"nofollow noopener\" target=\"_blank\">Hunde<\/a> im Tierheim sich noch w\u00fcnschen. Im Tierheim Iserlohn warten neben Notfall und Hunde-Opi Monte zum Beispiel auch noch Riesenschnauzer <a href=\"https:\/\/www.wa.de\/nordrhein-westfalen\/keiner-interessiert-sich-fuer-den-hund-rocko-verkuemmert-im-tierheim-93838539.html\" class=\"id-import-Link\" data-id-ec=\"{&quot;sht&quot;:&quot;Container&quot;,&quot;shn&quot;:&quot;Story&quot;,&quot;p&quot;:{&quot;containerType&quot;:&quot;Paragraph&quot;,&quot;displayType&quot;:&quot;Paragraph InlineLink&quot;,&quot;type&quot;:&quot;INLINE_LINK&quot;,&quot;value&quot;:&quot;Rocko, der im Tierheim &#x201E;immer mehr verk&#xFC;mmert&#x201C;&quot;,&quot;variant&quot;:&quot;standardLink&quot;,&quot;sponsored&quot;:false,&quot;linkHref&quot;:&quot;https:\/\/www.wa.de\/nordrhein-westfalen\/keiner-interessiert-sich-fuer-den-hund-rocko-verkuemmert-im-tierheim-93838539.html&quot;,&quot;storyElementPosition&quot;:31,&quot;storyElementCount&quot;:31}}\" rel=\"nofollow noopener\" target=\"_blank\">Rocko, der im Tierheim \u201eimmer mehr verk\u00fcmmert\u201c<\/a>, und <a href=\"https:\/\/www.wa.de\/nordrhein-westfalen\/mitgemacht-hund-sheriff-lebte-im-kriegsgebiet-hat-schon-eine-ganze-menge-93509436.html\" class=\"id-import-Link\" data-id-ec=\"{&quot;sht&quot;:&quot;Container&quot;,&quot;shn&quot;:&quot;Story&quot;,&quot;p&quot;:{&quot;containerType&quot;:&quot;Paragraph&quot;,&quot;displayType&quot;:&quot;Paragraph InlineLink&quot;,&quot;type&quot;:&quot;INLINE_LINK&quot;,&quot;value&quot;:&quot;Sch&#xE4;ferhund Sheriff, ebenfalls aus der Ukraine&quot;,&quot;variant&quot;:&quot;standardLink&quot;,&quot;sponsored&quot;:false,&quot;linkHref&quot;:&quot;https:\/\/www.wa.de\/nordrhein-westfalen\/mitgemacht-hund-sheriff-lebte-im-kriegsgebiet-hat-schon-eine-ganze-menge-93509436.html&quot;,&quot;storyElementPosition&quot;:31,&quot;storyElementCount&quot;:31}}\" rel=\"nofollow noopener\" target=\"_blank\">Sch\u00e4ferhund Sheriff, ebenfalls aus der Ukraine<\/a>.<\/p>\n","protected":false},"excerpt":{"rendered":"wa.de NRW Stand: 04.08.2025, 11:41 Uhr Von: Lena Seiferlin DruckenTeilen Als Maggie noch Chapa war, waren Unsicherheit, Krieg&hellip;\n","protected":false},"author":2,"featured_media":313628,"comment_status":"","ping_status":"","sticky":false,"template":"","format":"standard","meta":{"footnotes":""},"categories":[4012],"tags":[331,332,13,14,15,12,317],"class_list":{"0":"post-318027","1":"post","2":"type-post","3":"status-publish","4":"format-standard","5":"has-post-thumbnail","7":"category-ukraine","8":"tag-aktuelle-nachrichten","9":"tag-aktuelle-news","10":"tag-headlines","11":"tag-nachrichten","12":"tag-news","13":"tag-schlagzeilen","14":"tag-ukraine"},"share_on_mastodon":{"url":"https:\/\/pubeurope.com\/@de\/114969925744444426","error":""},"_links":{"self":[{"href":"https:\/\/www.europesays.com\/de\/wp-json\/wp\/v2\/posts\/318027","targetHints":{"allow":["GET"]}}],"collection":[{"href":"https:\/\/www.europesays.com\/de\/wp-json\/wp\/v2\/posts"}],"about":[{"href":"https:\/\/www.europesays.com\/de\/wp-json\/wp\/v2\/types\/post"}],"author":[{"embeddable":true,"href":"https:\/\/www.europesays.com\/de\/wp-json\/wp\/v2\/users\/2"}],"replies":[{"embeddable":true,"href":"https:\/\/www.europesays.com\/de\/wp-json\/wp\/v2\/comments?post=318027"}],"version-history":[{"count":0,"href":"https:\/\/www.europesays.com\/de\/wp-json\/wp\/v2\/posts\/318027\/revisions"}],"wp:featuredmedia":[{"embeddable":true,"href":"https:\/\/www.europesays.com\/de\/wp-json\/wp\/v2\/media\/313628"}],"wp:attachment":[{"href":"https:\/\/www.europesays.com\/de\/wp-json\/wp\/v2\/media?parent=318027"}],"wp:term":[{"taxonomy":"category","embeddable":true,"href":"https:\/\/www.europesays.com\/de\/wp-json\/wp\/v2\/categories?post=318027"},{"taxonomy":"post_tag","embeddable":true,"href":"https:\/\/www.europesays.com\/de\/wp-json\/wp\/v2\/tags?post=318027"}],"curies":[{"name":"wp","href":"https:\/\/api.w.org\/{rel}","templated":true}]}}