{"id":318049,"date":"2025-08-04T10:16:10","date_gmt":"2025-08-04T10:16:10","guid":{"rendered":"https:\/\/www.europesays.com\/de\/318049\/"},"modified":"2025-08-04T10:16:10","modified_gmt":"2025-08-04T10:16:10","slug":"duisburg-auto-stuerzt-in-u-bahn-schacht-panorama","status":"publish","type":"post","link":"https:\/\/www.europesays.com\/de\/318049\/","title":{"rendered":"Duisburg &#8211; Auto st\u00fcrzt in U-Bahn-Schacht &#8211; Panorama"},"content":{"rendered":"<p data-manual=\"teaserText\" data-schema-org-speakable=\"true\">Ein Autofahrer verliert die Kontrolle und st\u00fcrzt mit seinem Wagen fast sechs Meter tief in einen U-Bahn-Schacht. Im Auto findet die Polizei Alkohol und Lachgas. Der U-Bahn-Verkehr ist blockiert.<\/p>\n<p data-manual=\"paragraph\" data-schema-org-speakable=\"true\" class=\"css-xboolz\">Duisburg (dpa\/lnw) &#8211; Bei einem Autounfall ist ein 20-J\u00e4hriger am fr\u00fchen Morgen in Duisburg mit einem Wagen fast sechs Meter tief in einen U-Bahn-Schacht gest\u00fcrzt. Der Mann kam verletzt ins Krankenhaus, wie die Polizei mitteilte.<\/p>\n<p data-manual=\"paragraph\" data-schema-org-speakable=\"true\" class=\"css-xboolz\">Zur Bergung des Autos und Reparatur der abgerissenen Oberleitung musste der Tunnel stundenlang gesperrt werden. Er gab erhebliche Behinderungen im morgendlichen Berufsverkehr bis etwa 8.00 Uhr, sagte ein Sprecher der Duisburger Verkehrsbetriebe.\u00a0<\/p>\n<p data-manual=\"paragraph\" data-schema-org-speakable=\"true\" class=\"css-xboolz\">Gegen 2.40 Uhr h\u00e4tten Passanten einen lauten Knall bei der Polizei-Leitstelle gemeldet, sagte eine Polizeisprecherin. Der Wagen habe ein Gel\u00e4nder durchbrochen und sei dann in den Schacht gest\u00fcrzt. Der 20-J\u00e4hrige sei nicht lebensgef\u00e4hrlich verletzt.<\/p>\n<p data-manual=\"paragraph\" data-schema-org-speakable=\"true\" class=\"css-xboolz\">Zeugen h\u00e4tten mehrere weitere Personen weglaufen sehen. Es m\u00fcsse deshalb noch untersucht werden, ob der 20-J\u00e4hrige tats\u00e4chlich der Fahrer war. Im Auto seien Lachgas und Alkohol gefunden worden. Von dem 20-J\u00e4hrigen wurde eine Blutprobe entnommen.<\/p>\n<p data-manual=\"paragraph\" data-schema-org-speakable=\"true\" class=\"css-xboolz\">\u00a9 dpa-infocom, dpa:250804-930-873440\/2<\/p>\n","protected":false},"excerpt":{"rendered":"Ein Autofahrer verliert die Kontrolle und st\u00fcrzt mit seinem Wagen fast sechs Meter tief in einen U-Bahn-Schacht. Im&hellip;\n","protected":false},"author":2,"featured_media":318050,"comment_status":"","ping_status":"","sticky":false,"template":"","format":"standard","meta":{"footnotes":""},"categories":[1838],"tags":[3364,29,3715,30,1209,1974,149,2624,17057,3094,601],"class_list":{"0":"post-318049","1":"post","2":"type-post","3":"status-publish","4":"format-standard","5":"has-post-thumbnail","7":"category-duisburg","8":"tag-de","9":"tag-deutschland","10":"tag-duisburg","11":"tag-germany","12":"tag-nordrhein-westfalen","13":"tag-panorama","14":"tag-sueddeutsche-zeitung","15":"tag-unfaelle","16":"tag-ungefaehrer-unfallort","17":"tag-unglueck-und-unfall","18":"tag-verkehr"},"share_on_mastodon":{"url":"https:\/\/pubeurope.com\/@de\/114969980686818650","error":""},"_links":{"self":[{"href":"https:\/\/www.europesays.com\/de\/wp-json\/wp\/v2\/posts\/318049","targetHints":{"allow":["GET"]}}],"collection":[{"href":"https:\/\/www.europesays.com\/de\/wp-json\/wp\/v2\/posts"}],"about":[{"href":"https:\/\/www.europesays.com\/de\/wp-json\/wp\/v2\/types\/post"}],"author":[{"embeddable":true,"href":"https:\/\/www.europesays.com\/de\/wp-json\/wp\/v2\/users\/2"}],"replies":[{"embeddable":true,"href":"https:\/\/www.europesays.com\/de\/wp-json\/wp\/v2\/comments?post=318049"}],"version-history":[{"count":0,"href":"https:\/\/www.europesays.com\/de\/wp-json\/wp\/v2\/posts\/318049\/revisions"}],"wp:featuredmedia":[{"embeddable":true,"href":"https:\/\/www.europesays.com\/de\/wp-json\/wp\/v2\/media\/318050"}],"wp:attachment":[{"href":"https:\/\/www.europesays.com\/de\/wp-json\/wp\/v2\/media?parent=318049"}],"wp:term":[{"taxonomy":"category","embeddable":true,"href":"https:\/\/www.europesays.com\/de\/wp-json\/wp\/v2\/categories?post=318049"},{"taxonomy":"post_tag","embeddable":true,"href":"https:\/\/www.europesays.com\/de\/wp-json\/wp\/v2\/tags?post=318049"}],"curies":[{"name":"wp","href":"https:\/\/api.w.org\/{rel}","templated":true}]}}