{"id":318051,"date":"2025-08-04T10:17:13","date_gmt":"2025-08-04T10:17:13","guid":{"rendered":"https:\/\/www.europesays.com\/de\/318051\/"},"modified":"2025-08-04T10:17:13","modified_gmt":"2025-08-04T10:17:13","slug":"nach-pavian-toetung-in-nuernberg-tierschuetzer-bauen-protestcamp-auf-bayern","status":"publish","type":"post","link":"https:\/\/www.europesays.com\/de\/318051\/","title":{"rendered":"Nach Pavian-T\u00f6tung in N\u00fcrnberg: Tiersch\u00fctzer bauen Protestcamp auf &#8211; Bayern"},"content":{"rendered":"<p data-manual=\"paragraph\" data-schema-org-speakable=\"true\" class=\"css-xboolz\">Die Organisation Animal Rebellion will am N\u00fcrnberger Tiergarten ein Protestcamp einrichten. <a href=\"https:\/\/www.sueddeutsche.de\/bayern\/nuernberg-tiergarten-paviane-toetung-tierschuetzer-protest-eindruecke-li.3290826\" target=\"_blank\" rel=\"noopener\">Nach der T\u00f6tung von zw\u00f6lf Pavianen im Tiergarten<\/a> wollen die Organisatorinnen und Organisatoren mit dem Camp ihren Forderungen Nachdruck verleihen: Es d\u00fcrften keine weiteren Affen get\u00f6tet und die Zucht m\u00fcsse eingestellt werden. Au\u00dferdem m\u00fcssten Zoos damit aufh\u00f6ren, Tiere einzusperren und zur Schau zu stellen.<\/p>\n<p data-manual=\"paragraph\" data-schema-org-speakable=\"true\" class=\"css-xboolz\">Das Camp sei bis zum kommenden Montag geplant, teilte Animal Rebellion weiter mit. Der Aufbau sei am Parkplatz des Tiergartens geplant, die entsprechende Genehmigung erteilt, sagte eine Sprecherin.<\/p>\n<p data-manual=\"paragraph\" data-schema-org-speakable=\"true\" class=\"css-xboolz\">In der Vorwoche hatte der Tiergarten die Tiere aus Platzgr\u00fcnden get\u00f6tet. <a href=\"https:\/\/www.sueddeutsche.de\/bayern\/nuernberg-tiergarten-paviane-toetung-platzmangel-dag-encke-interview-li.3260066\" target=\"_blank\" rel=\"noopener\">Demnach war das Gehege seit Langem \u00fcberf\u00fcllt und eine tierschutzkonforme Haltung nicht mehr m\u00f6glich.<\/a> Eine Abgabe der \u00fcberz\u00e4hligen Tiere sei nicht m\u00f6glich gewesen, auch Verh\u00fctungsma\u00dfnahmen bei den Weibchen h\u00e4tten in der Vergangenheit nicht den gew\u00fcnschten Erfolg gebracht.<\/p>\n","protected":false},"excerpt":{"rendered":"Die Organisation Animal Rebellion will am N\u00fcrnberger Tiergarten ein Protestcamp einrichten. Nach der T\u00f6tung von zw\u00f6lf Pavianen im&hellip;\n","protected":false},"author":2,"featured_media":318052,"comment_status":"","ping_status":"","sticky":false,"template":"","format":"standard","meta":{"footnotes":""},"categories":[1837],"tags":[772,3364,29,30,23730,4156,3783,149,19390],"class_list":{"0":"post-318051","1":"post","2":"type-post","3":"status-publish","4":"format-standard","5":"has-post-thumbnail","7":"category-nuernberg","8":"tag-bayern","9":"tag-de","10":"tag-deutschland","11":"tag-germany","12":"tag-leben-und-gesellschaft-in-bayern","13":"tag-mittelfranken","14":"tag-nuernberg","15":"tag-sueddeutsche-zeitung","16":"tag-umwelt-und-natur-in-bayern"},"share_on_mastodon":{"url":"https:\/\/pubeurope.com\/@de\/114969984666324613","error":""},"_links":{"self":[{"href":"https:\/\/www.europesays.com\/de\/wp-json\/wp\/v2\/posts\/318051","targetHints":{"allow":["GET"]}}],"collection":[{"href":"https:\/\/www.europesays.com\/de\/wp-json\/wp\/v2\/posts"}],"about":[{"href":"https:\/\/www.europesays.com\/de\/wp-json\/wp\/v2\/types\/post"}],"author":[{"embeddable":true,"href":"https:\/\/www.europesays.com\/de\/wp-json\/wp\/v2\/users\/2"}],"replies":[{"embeddable":true,"href":"https:\/\/www.europesays.com\/de\/wp-json\/wp\/v2\/comments?post=318051"}],"version-history":[{"count":0,"href":"https:\/\/www.europesays.com\/de\/wp-json\/wp\/v2\/posts\/318051\/revisions"}],"wp:featuredmedia":[{"embeddable":true,"href":"https:\/\/www.europesays.com\/de\/wp-json\/wp\/v2\/media\/318052"}],"wp:attachment":[{"href":"https:\/\/www.europesays.com\/de\/wp-json\/wp\/v2\/media?parent=318051"}],"wp:term":[{"taxonomy":"category","embeddable":true,"href":"https:\/\/www.europesays.com\/de\/wp-json\/wp\/v2\/categories?post=318051"},{"taxonomy":"post_tag","embeddable":true,"href":"https:\/\/www.europesays.com\/de\/wp-json\/wp\/v2\/tags?post=318051"}],"curies":[{"name":"wp","href":"https:\/\/api.w.org\/{rel}","templated":true}]}}