{"id":318055,"date":"2025-08-04T10:19:16","date_gmt":"2025-08-04T10:19:16","guid":{"rendered":"https:\/\/www.europesays.com\/de\/318055\/"},"modified":"2025-08-04T10:19:16","modified_gmt":"2025-08-04T10:19:16","slug":"bischoefin-fehrs-es-muss-alles-getan-werden-damit-atomwaffen-nie-wieder","status":"publish","type":"post","link":"https:\/\/www.europesays.com\/de\/318055\/","title":{"rendered":"Bisch\u00f6fin Fehrs: \u201eEs muss alles getan werden, damit Atomwaffen nie wieder &#8230;"},"content":{"rendered":"<p class=\"date\">04.08.2025 \u2013 11:45<\/p>\n<p class=\"customer\">\n                        <a class=\"story-customer\" title=\"weiter zum newsroom von EKD - Evangelische Kirche in Deutschland\" href=\"https:\/\/www.presseportal.de\/nr\/55310\" target=\"_blank\" rel=\"noopener\">EKD &#8211; Evangelische Kirche in Deutschland<\/a>\n                    <\/p>\n<p><a data-category=\"citylink-story-view\" data-action=\"click\" data-label=\"Citylink in Meldungsansicht\" class=\"story-city event-trigger\" href=\"https:\/\/www.presseportal.de\/regional\/Hannover\" title=\"News aus Hannover \" target=\"_blank\" rel=\"noopener\">Hannover<\/a> (ots)<\/p>\n<p>Zum 80. Jahrestag der Atombombenabw\u00fcrfe auf Hiroshima und Nagasaki hat die Ratsvorsitzende der Evangelischen Kirche in Deutschland (EKD), Bisch\u00f6fin Kirsten Fehrs, an das unermessliche Leid erinnert, das durch den Einsatz von Atomwaffen verursacht wurde. Zugleich sprach sie sich f\u00fcr deren weltweite \u00c4chtung aus.<\/p>\n<p>\u201eDie Bilder aus Hiroshima und Nagasaki mahnen uns bis heute. Atomwaffen verursachen massenhafte, langandauernde und zerst\u00f6rerische Gewalt \u2013 sie sind ethisch nicht vertretbar\u201c, sagte Fehrs. \u201eEs muss alles getan werden, damit solche Waffen nie wieder eingesetzt werden.\u201c<\/p>\n<p>Vor dem Hintergrund aktueller geopolitischer Spannungen und Drohungen mit dem Einsatz von Nuklearwaffen verweist Fehrs auf ein ernstes Problem: \u201eSicherheitspolitisch wird immer wieder die Notwendigkeit nuklearer Abschreckung betont.\u201c Doch selbst wenn dies in der gegenw\u00e4rtigen Lage laut Sicherheitsexperten erforderlich sei, um Schlimmstes zu verhindern: \u201eAm Ziel einer atomwaffenfreien Welt ist bei all diesen \u00dcberlegungen ganz klar festzuhalten. Nukleare Abschreckung kann allenfalls eine \u00dcbergangsl\u00f6sung sein, die immer von glaubw\u00fcrdigen Initiativen zu ihrer \u00dcberwindung begleitet werden muss.\u201c<\/p>\n<p>In diesem Zusammenhang weist die EKD-Ratsvorsitzende auf die neue Friedensdenkschrift der EKD hin, die am 10. November 2025 im Rahmen der EKD-Synodentagung in Dresden ver\u00f6ffentlicht wird. Die Denkschrift stellt sich den aktuellen sicherheitspolitischen Herausforderungen und pl\u00e4diert zugleich f\u00fcr eine Ethik des gerechten Friedens, die den Schutz vor Gewalt ebenso als erforderlich ansieht wie Vertrauen und internationale Kooperation. \u201eFrieden entsteht letztlich nicht durch Drohung, sondern durch Dialog\u201c, so Bisch\u00f6fin Fehrs.<\/p>\n<p>Hannover, 4. August 2025<\/p>\n<p>Pressestelle der EKD<\/p>\n<p>Carsten Splitt<\/p>\n<p class=\"contact-headline\">Pressekontakt:<\/p>\n<p class=\"contact-text\">Carsten Splitt<br \/>Evangelische Kirche in Deutschland<br \/>Pressestelle<br \/>Stabsstelle Kommunikation<br \/>Herrenh\u00e4user Strasse 12<br \/>D-30419 Hannover<br \/>Telefon: 0511 &#8211; 2796 &#8211; 269<br \/>E-Mail: <a href=\"https:\/\/www.presseportal.de\/pm\/55310\/mailto: presse@ekd.de\" class=\"uri-mailto\" target=\"_blank\" rel=\"noopener\"> presse@ekd.de<\/a><\/p>\n<p class=\"originator\">Original-Content von: EKD &#8211; Evangelische Kirche in Deutschland, \u00fcbermittelt durch news aktuell<\/p>\n","protected":false},"excerpt":{"rendered":"04.08.2025 \u2013 11:45 EKD &#8211; Evangelische Kirche in Deutschland Hannover (ots) Zum 80. Jahrestag der Atombombenabw\u00fcrfe auf Hiroshima&hellip;\n","protected":false},"author":2,"featured_media":108,"comment_status":"","ping_status":"","sticky":false,"template":"","format":"standard","meta":{"footnotes":""},"categories":[1836],"tags":[3274,6800,752,3364,29,553,30,15054,46,14623,1722,1411,178,180,179,181,575,6583,1458],"class_list":{"0":"post-318055","1":"post","2":"type-post","3":"status-publish","4":"format-standard","5":"has-post-thumbnail","7":"category-hannover","8":"tag-kirche","9":"tag-auenpolitik","10":"tag-bildung","11":"tag-de","12":"tag-deutschland","13":"tag-familie","14":"tag-germany","15":"tag-glaube","16":"tag-hannover","17":"tag-innenpolitik","18":"tag-jugendliche","19":"tag-niedersachsen","20":"tag-presse","21":"tag-pressemeldung","22":"tag-pressemitteilung","23":"tag-pressemitteilungen","24":"tag-religion","25":"tag-senioren","26":"tag-soziales"},"share_on_mastodon":{"url":"https:\/\/pubeurope.com\/@de\/114969992392975435","error":""},"_links":{"self":[{"href":"https:\/\/www.europesays.com\/de\/wp-json\/wp\/v2\/posts\/318055","targetHints":{"allow":["GET"]}}],"collection":[{"href":"https:\/\/www.europesays.com\/de\/wp-json\/wp\/v2\/posts"}],"about":[{"href":"https:\/\/www.europesays.com\/de\/wp-json\/wp\/v2\/types\/post"}],"author":[{"embeddable":true,"href":"https:\/\/www.europesays.com\/de\/wp-json\/wp\/v2\/users\/2"}],"replies":[{"embeddable":true,"href":"https:\/\/www.europesays.com\/de\/wp-json\/wp\/v2\/comments?post=318055"}],"version-history":[{"count":0,"href":"https:\/\/www.europesays.com\/de\/wp-json\/wp\/v2\/posts\/318055\/revisions"}],"wp:featuredmedia":[{"embeddable":true,"href":"https:\/\/www.europesays.com\/de\/wp-json\/wp\/v2\/media\/108"}],"wp:attachment":[{"href":"https:\/\/www.europesays.com\/de\/wp-json\/wp\/v2\/media?parent=318055"}],"wp:term":[{"taxonomy":"category","embeddable":true,"href":"https:\/\/www.europesays.com\/de\/wp-json\/wp\/v2\/categories?post=318055"},{"taxonomy":"post_tag","embeddable":true,"href":"https:\/\/www.europesays.com\/de\/wp-json\/wp\/v2\/tags?post=318055"}],"curies":[{"name":"wp","href":"https:\/\/api.w.org\/{rel}","templated":true}]}}