{"id":318056,"date":"2025-08-04T10:21:21","date_gmt":"2025-08-04T10:21:21","guid":{"rendered":"https:\/\/www.europesays.com\/de\/318056\/"},"modified":"2025-08-04T10:21:21","modified_gmt":"2025-08-04T10:21:21","slug":"hannover-96-gewinnt-bei-titz-debuet-gegen-lautern-2","status":"publish","type":"post","link":"https:\/\/www.europesays.com\/de\/318056\/","title":{"rendered":"Hannover 96 gewinnt bei Titz-Deb\u00fct gegen Lautern"},"content":{"rendered":"<p>    &#13;<br \/>\n      &#13;<br \/>\n        Aktualisiert: 03.08.2025, 16:20 \/ Lesedauer: ca. 2min 2. Fu\u00dfball-Bundesliga <\/p>\n<p class=\"intro\">Der Auftakt ist gegl\u00fcckt: Eine v\u00f6llig neu formierte 96-Mannschaft hat die ersten drei Punkte in der neuen Zweitliga-Saison sicher. <\/p>\n<p>      &#13;<br \/>\n        <img decoding=\"async\"   src=\"https:\/\/www.europesays.com\/de\/wp-content\/uploads\/2025\/08\/mustapha-bundu-und-hannover-96-sind-erfolgreich-in-die-neue-1117524.jpg\" title=\"Hannover 96 gewinnt bei Titz-Deb\u00fct gegen Lautern \" alt=\"Mustapha Bundu und Hannover 96 sind erfolgreich in die neue Saison gestartet. Foto: Swen Pf\u00f6rtner\/dpa\" class=\"img-responsive\"\/>&#13;<\/p>\n<p class=\"image-credit\">&#13;<br \/>\n\t\t\t\t\t\u00a9 Swen Pf\u00f6rtner\/dpa<\/p>\n<p>&#13;<br \/>\n        &#13;<br \/>\n        &#13;<\/p>\n<p>Mustapha Bundu und Hannover 96 sind erfolgreich in die neue Saison gestartet. Foto: Swen Pf\u00f6rtner\/dpa <\/p>\n<p>&#13;<br \/>\n        &#13;<\/p>\n<p class=\"author\">&#13;<br \/>\n      Von Lars Reinefeld, dpa<\/p>\n","protected":false},"excerpt":{"rendered":"&#13; &#13; Aktualisiert: 03.08.2025, 16:20 \/ Lesedauer: ca. 2min 2. Fu\u00dfball-Bundesliga Der Auftakt ist gegl\u00fcckt: Eine v\u00f6llig neu&hellip;\n","protected":false},"author":2,"featured_media":318057,"comment_status":"","ping_status":"","sticky":false,"template":"","format":"standard","meta":{"footnotes":""},"categories":[1836],"tags":[7974,621,3364,29,5282,30,46,2366,1411,1756],"class_list":{"0":"post-318056","1":"post","2":"type-post","3":"status-publish","4":"format-standard","5":"has-post-thumbnail","7":"category-hannover","8":"tag-1-fc-kaiserslautern","9":"tag-2-bundesliga","10":"tag-de","11":"tag-deutschland","12":"tag-fuball","13":"tag-germany","14":"tag-hannover","15":"tag-hannover-96","16":"tag-niedersachsen","17":"tag-rheinland-pfalz"},"share_on_mastodon":{"url":"https:\/\/pubeurope.com\/@de\/114970000390685349","error":""},"_links":{"self":[{"href":"https:\/\/www.europesays.com\/de\/wp-json\/wp\/v2\/posts\/318056","targetHints":{"allow":["GET"]}}],"collection":[{"href":"https:\/\/www.europesays.com\/de\/wp-json\/wp\/v2\/posts"}],"about":[{"href":"https:\/\/www.europesays.com\/de\/wp-json\/wp\/v2\/types\/post"}],"author":[{"embeddable":true,"href":"https:\/\/www.europesays.com\/de\/wp-json\/wp\/v2\/users\/2"}],"replies":[{"embeddable":true,"href":"https:\/\/www.europesays.com\/de\/wp-json\/wp\/v2\/comments?post=318056"}],"version-history":[{"count":0,"href":"https:\/\/www.europesays.com\/de\/wp-json\/wp\/v2\/posts\/318056\/revisions"}],"wp:featuredmedia":[{"embeddable":true,"href":"https:\/\/www.europesays.com\/de\/wp-json\/wp\/v2\/media\/318057"}],"wp:attachment":[{"href":"https:\/\/www.europesays.com\/de\/wp-json\/wp\/v2\/media?parent=318056"}],"wp:term":[{"taxonomy":"category","embeddable":true,"href":"https:\/\/www.europesays.com\/de\/wp-json\/wp\/v2\/categories?post=318056"},{"taxonomy":"post_tag","embeddable":true,"href":"https:\/\/www.europesays.com\/de\/wp-json\/wp\/v2\/tags?post=318056"}],"curies":[{"name":"wp","href":"https:\/\/api.w.org\/{rel}","templated":true}]}}