{"id":318060,"date":"2025-08-04T10:23:13","date_gmt":"2025-08-04T10:23:13","guid":{"rendered":"https:\/\/www.europesays.com\/de\/318060\/"},"modified":"2025-08-04T10:23:13","modified_gmt":"2025-08-04T10:23:13","slug":"wartung-am-fernsehturm-dresden-unterbrechungen-im-sachsenradioprogramm","status":"publish","type":"post","link":"https:\/\/www.europesays.com\/de\/318060\/","title":{"rendered":"Wartung am Fernsehturm Dresden &#8211; Unterbrechungen im Sachsenradioprogramm"},"content":{"rendered":"<p class=\"text\">\nDamit Sie jederzeit in gewohnter Qualit\u00e4t Ihr Sachsenradio h\u00f6ren k\u00f6nnen, sind von Zeit zu Zeit Pr\u00fcf- und Messarbeiten am Fernsehturm in Dresden Wachwitz n\u00f6tig. Die Jahreswartung ist in diesem Jahr am 6. August und muss bei Tageslicht stattfinden.\n<\/p>\n<p><a name=\"sprung0\" class=\"jumpLabel\">Wartungsarbeiten am Dresdner Fernsehturm <\/a><\/p>\n<p class=\"text\">\nDie Wartungsarbeiten sind sehr aufwendig und es kommt daher <strong>am 6. August 2025 von 13:05 bis 15:55 Uhr<\/strong> immer wieder zu <a href=\"https:\/\/www.mdr.de\/unternehmen\/senderausserbetriebnahme100.html\" title=\"geplante Senderwartungen\" target=\"_blank\" rel=\"noopener\">Unterbrechungen des Sachsenradio-Empfangs<\/a> auf der UKW Frequenz 92,2 MHz. Auch \u00fcber DAB+ wird der Radioempfang immer wieder unterbrochen sein. Sobald m\u00f6glich, werden die Sendeanlagen und das Sachsenradio immer wieder zugeschaltet.\n<\/p>\n<p><a name=\"sprung1\" class=\"jumpLabel\">H\u00f6ren Sie das Sachsenradio jederzeit im Kabelnetz und Livestream<\/a><\/p>\n<p class=\"text\">\n<strong>Die gute Nachricht:<\/strong> Das Sachsenradio k\u00f6nnen Sie die gesamte Zeit, ohne Unterbrechung im Kabelnetz, im Internet <a href=\"https:\/\/www.mdr.de\/radio\/livestreams\/artikel-742.html\" title=\"Regional-Livestreams von MDR SACHSEN - Das Sachsenradio\" target=\"_blank\" rel=\"noopener\">via Livestream<\/a> h\u00f6ren oder in der MDR SACHSEN-App. Unser Online-Angebot ist von den Wartungsarbeiten nicht betroffen.\n<\/p>\n<p class=\"text\">\nWann ist im August mit Unterbrechungen des Sachsenradio-Empfangs zu rechnen? Hier ist eine <a href=\"https:\/\/www.mdr.de\/unternehmen\/senderausserbetriebnahme100.html\" title=\"geplante Senderwartungen\" target=\"_blank\" rel=\"noopener\">\u00dcbersicht<\/a>.\n<\/p>\n<p class=\"text\">\nTechnische Beratung und R\u00fcckfragen zu den Wartungsarbeiten gibt es <a href=\"https:\/\/www.mdr.de\/tv\/empfang\/mdr-technische-beratung-100.html\" title=\"Technische Beratung des MDR bez\u00fcglich Programmverbreitung und Empfang\" target=\"_blank\" rel=\"noopener\">hier<\/a>.<\/p>\n","protected":false},"excerpt":{"rendered":"Damit Sie jederzeit in gewohnter Qualit\u00e4t Ihr Sachsenradio h\u00f6ren k\u00f6nnen, sind von Zeit zu Zeit Pr\u00fcf- und Messarbeiten&hellip;\n","protected":false},"author":2,"featured_media":318061,"comment_status":"","ping_status":"","sticky":false,"template":"","format":"standard","meta":{"footnotes":""},"categories":[1835],"tags":[90819,3364,29,2386,30,9932,81,68786,83,4061,859,90820,54507],"class_list":{"0":"post-318060","1":"post","2":"type-post","3":"status-publish","4":"format-standard","5":"has-post-thumbnail","7":"category-dresden","8":"tag-abschaltungen","9":"tag-de","10":"tag-deutschland","11":"tag-dresden","12":"tag-germany","13":"tag-hoerfunk","14":"tag-mdr","15":"tag-mdr-1-radio-sachsen","16":"tag-radio","17":"tag-regional","18":"tag-sachsen","19":"tag-sendemast","20":"tag-wartungsarbeiten"},"share_on_mastodon":{"url":"https:\/\/pubeurope.com\/@de\/114970008184387944","error":""},"_links":{"self":[{"href":"https:\/\/www.europesays.com\/de\/wp-json\/wp\/v2\/posts\/318060","targetHints":{"allow":["GET"]}}],"collection":[{"href":"https:\/\/www.europesays.com\/de\/wp-json\/wp\/v2\/posts"}],"about":[{"href":"https:\/\/www.europesays.com\/de\/wp-json\/wp\/v2\/types\/post"}],"author":[{"embeddable":true,"href":"https:\/\/www.europesays.com\/de\/wp-json\/wp\/v2\/users\/2"}],"replies":[{"embeddable":true,"href":"https:\/\/www.europesays.com\/de\/wp-json\/wp\/v2\/comments?post=318060"}],"version-history":[{"count":0,"href":"https:\/\/www.europesays.com\/de\/wp-json\/wp\/v2\/posts\/318060\/revisions"}],"wp:featuredmedia":[{"embeddable":true,"href":"https:\/\/www.europesays.com\/de\/wp-json\/wp\/v2\/media\/318061"}],"wp:attachment":[{"href":"https:\/\/www.europesays.com\/de\/wp-json\/wp\/v2\/media?parent=318060"}],"wp:term":[{"taxonomy":"category","embeddable":true,"href":"https:\/\/www.europesays.com\/de\/wp-json\/wp\/v2\/categories?post=318060"},{"taxonomy":"post_tag","embeddable":true,"href":"https:\/\/www.europesays.com\/de\/wp-json\/wp\/v2\/tags?post=318060"}],"curies":[{"name":"wp","href":"https:\/\/api.w.org\/{rel}","templated":true}]}}