{"id":318070,"date":"2025-08-04T10:28:11","date_gmt":"2025-08-04T10:28:11","guid":{"rendered":"https:\/\/www.europesays.com\/de\/318070\/"},"modified":"2025-08-04T10:28:11","modified_gmt":"2025-08-04T10:28:11","slug":"83-jaehriger-auf-parkplatz-in-syburg-ausgeraubt","status":"publish","type":"post","link":"https:\/\/www.europesays.com\/de\/318070\/","title":{"rendered":"83-J\u00e4hriger auf Parkplatz in Syburg ausgeraubt"},"content":{"rendered":"<p>\t\tUnbekannte rauben Senior (83) auf Parkplatz in Syburg aus<br \/>\n\t\t\t\t\tZu Boden gerissen und geschlagen<\/p>\n<p>\t\t\t\t<a class=\"article-author__name\" href=\"https:\/\/www.ruhrnachrichten.de\/author\/anika-fischer\/\" rel=\"author noopener\" target=\"_blank\">Anika Fischer<\/a><br \/>\n\t\tVolont\u00e4rin<\/p>\n<p>    <a href=\"https:\/\/www.ruhrnachrichten.de\/wp-content\/uploads\/2025\/08\/04\/10\/630_0900_4923095_Syburg_Druck-1648x824.jpg\" target=\"_blank\" rel=\"noopener\"><\/p>\n<p>            <img loading=\"lazy\" decoding=\"async\" src=\"https:\/\/www.europesays.com\/de\/wp-content\/uploads\/2025\/08\/630_0900_4923094_Syburg_Druck-640x428.jpg\" width=\"640\" height=\"428\"  alt=\"Im Zentrum des Bildes verweist das blaue Parkschild auf den Parkplatz an der Hohensyburg.\"\/><\/p>\n<p>    <\/a><br \/>\n    Auf dem Parkplatz an der Hohensyburg ist am Samstag (2.8.) ein Mann (83) ausgeraubt worden. \u00a9 Bauerfeld (A)<\/p>\n<p class=\"article__teaser-text\">Auf dem Parkplatz der Hohensyburg wurde ein 83-j\u00e4hriger Senior gewaltsam ausgeraubt. Jetzt sucht die Polizei nach Zeugen.<\/p>\n<p>1 Min Lesezeit<\/p>\n<p>Auf dem Parkplatz der Hohensyburg an der Hohensyburgstra\u00dfe 200 ist am Samstagabend (2.8.) ein 83-j\u00e4hriger Mann aus Werl gewaltsam ausgeraubt worden. Jetzt sucht die Polizei nach Zeugen.<\/p>\n<p>Nach Angaben der Polizei sei der Senior gegen 19.50 Uhr auf dem Parkplatz aus seinem Auto ausgestiegen, als er kurz darauf von zwei unbekannten M\u00e4nnern \u00fcberw\u00e4ltigt und zu Boden gerissen wurde. Die M\u00e4nner haben auf den 83-J\u00e4hrigen eingeschlagen und ihm die Armbanduhr vom Handgelenk gerissen, so die Polizei. Anschlie\u00dfend seien die T\u00e4ter zu Fu\u00df in Richtung der Schranken des Parkplatzes gefl\u00fcchtet.<\/p>\n<p>Polizei bittet um Hinweise<\/p>\n<p>Die beiden T\u00e4ter werden wie folgt beschrieben:<\/p>\n<ul strstyle=\"disc\">\n<li>M\u00e4nnlich<\/li>\n<li>Vollbart<\/li>\n<li>Kapuzenpullover<\/li>\n<li>aufgesetzte Kapuzen<\/li>\n<\/ul>\n<p>Die Polizei bittet Zeugen, die den Raub beobachtet oder Hinweise zu den T\u00e4tern geben k\u00f6nnen, sich bei der Kriminalwache der Polizei <a target=\"_blank\" href=\"https:\/\/www.ruhrnachrichten.de\/dortmund\/\" data-imported=\"1\" rel=\"noopener\">Dortmund<\/a> unter der Telefonnummer 0231\/132-7441 zu melden.<\/p>\n<p>\t\t<a href=\"https:\/\/www.ruhrnachrichten.de\/dortmund-sued\/dortmund-hombruch-polizei-senior-hombrucher-strasse-raub-uhr-gestohlen-zeugen-gesucht-w1058913-2001745852\/\" rel=\"nofollow noopener\" aria-hidden=\"true\" tabindex=\"-1\" title=\"Raub auf offener Stra\u00dfe in Hombruch Frau h\u00e4lt Senior (86) fest - ihr Partner stiehlt dessen Uhr\" aria-label=\"Raub auf offener Stra\u00dfe in Hombruch Frau h\u00e4lt Senior (86) fest - ihr Partner stiehlt dessen Uhr\" target=\"_blank\"><\/p>\n<p>                <img decoding=\"async\" src=\"https:\/\/www.europesays.com\/de\/wp-content\/uploads\/2025\/08\/630_0900_4899138_ImportDpaPicFile2077_jpg-160x160.jpg\"  width=\"160\" height=\"160\" alt=\"Nahaufnahme der teilweise unscharfen Aufschrift \u201ePOLIZEI\u201c in wei\u00df auf blauem Grund. Die Buchstaben weisen eine reflektierende Wabenstruktur auf.\" loading=\"lazy\"\/><\/p>\n<p>\t\t<\/a><\/p>\n","protected":false},"excerpt":{"rendered":"Unbekannte rauben Senior (83) auf Parkplatz in Syburg aus Zu Boden gerissen und geschlagen Anika Fischer Volont\u00e4rin Auf&hellip;\n","protected":false},"author":2,"featured_media":318071,"comment_status":"","ping_status":"","sticky":false,"template":"","format":"standard","meta":{"footnotes":""},"categories":[1833],"tags":[1950,3364,29,217,30,1209,4576],"class_list":{"0":"post-318070","1":"post","2":"type-post","3":"status-publish","4":"format-standard","5":"has-post-thumbnail","7":"category-dortmund","8":"tag-blaulicht","9":"tag-de","10":"tag-deutschland","11":"tag-dortmund","12":"tag-germany","13":"tag-nordrhein-westfalen","14":"tag-raub"},"share_on_mastodon":{"url":"https:\/\/pubeurope.com\/@de\/114970028289059511","error":""},"_links":{"self":[{"href":"https:\/\/www.europesays.com\/de\/wp-json\/wp\/v2\/posts\/318070","targetHints":{"allow":["GET"]}}],"collection":[{"href":"https:\/\/www.europesays.com\/de\/wp-json\/wp\/v2\/posts"}],"about":[{"href":"https:\/\/www.europesays.com\/de\/wp-json\/wp\/v2\/types\/post"}],"author":[{"embeddable":true,"href":"https:\/\/www.europesays.com\/de\/wp-json\/wp\/v2\/users\/2"}],"replies":[{"embeddable":true,"href":"https:\/\/www.europesays.com\/de\/wp-json\/wp\/v2\/comments?post=318070"}],"version-history":[{"count":0,"href":"https:\/\/www.europesays.com\/de\/wp-json\/wp\/v2\/posts\/318070\/revisions"}],"wp:featuredmedia":[{"embeddable":true,"href":"https:\/\/www.europesays.com\/de\/wp-json\/wp\/v2\/media\/318071"}],"wp:attachment":[{"href":"https:\/\/www.europesays.com\/de\/wp-json\/wp\/v2\/media?parent=318070"}],"wp:term":[{"taxonomy":"category","embeddable":true,"href":"https:\/\/www.europesays.com\/de\/wp-json\/wp\/v2\/categories?post=318070"},{"taxonomy":"post_tag","embeddable":true,"href":"https:\/\/www.europesays.com\/de\/wp-json\/wp\/v2\/tags?post=318070"}],"curies":[{"name":"wp","href":"https:\/\/api.w.org\/{rel}","templated":true}]}}