{"id":318096,"date":"2025-08-04T10:42:23","date_gmt":"2025-08-04T10:42:23","guid":{"rendered":"https:\/\/www.europesays.com\/de\/318096\/"},"modified":"2025-08-04T10:42:23","modified_gmt":"2025-08-04T10:42:23","slug":"verbandschef-besorgt-ungehemmter-klimaschutz-vernichtet-wohlstand-regional","status":"publish","type":"post","link":"https:\/\/www.europesays.com\/de\/318096\/","title":{"rendered":"Verbandschef besorgt: \u201eUngehemmter Klimaschutz vernichtet Wohlstand\u201c | Regional"},"content":{"rendered":"<p>Hamburg \u2013 <b>Ein m\u00e4chtiger Verbandschef rechnet mit der aktuellen Klima- und Wohnungspolitik im Norden Deutschlands ab. Und er sagt voraus, dass Mieten und Nebenkosten weiter massiv steigen werden.<\/b><\/p>\n<p>Andreas Breitner (58) war SPD-Innenminister in Schleswig-Holstein. Heute ist er Direktor des Verbands Norddeutscher Wohnungsunternehmen (VNW). In den von ihnen verwalteten 775.000 Wohnungen leben rund zwei Millionen Menschen.<\/p>\n<p>In BILD nennt Breitner sieben Gr\u00fcnde, <a href=\"https:\/\/www.bild.de\/politik\/inland\/85-prozent-weniger-baustarts-neue-schock-analyse-zeigt-wohnproblem-68776f47543f7a2c50a29fd9\" class=\"text-link\" target=\"_blank\" rel=\"noopener\">wo es bei der Wohnungspolitik hakt<\/a> \u2013 und wer die Zeche zahlt.<\/p>\n<p><img decoding=\"async\" width=\"992\" height=\"558\" alt=\"Im Jahr 2024 wurden in Hamburg Baugenehmigungen f\u00fcr 4617 Wohnungen erteilt. Geplant waren 10.000\" src=\"https:\/\/www.europesays.com\/de\/wp-content\/uploads\/2025\/08\/5b245907f5fd187e9205370d9714d407,44ec6655\"   class=\"landscape\" loading=\"lazy\"\/><\/p>\n<p class=\"fig__caption__text\">Im Jahr 2024 wurden in Hamburg Baugenehmigungen f\u00fcr 4617 Wohnungen erteilt. Geplant waren 10.000<\/p>\n<p>Foto: picture alliance \/ ABB<\/p>\n<p>1. Die <a href=\"https:\/\/www.bild.de\/themen\/specials\/hausbau\/geld-immobilien-news-fotos-videos-17041216.bild.html\" class=\"text-link\" target=\"_blank\" rel=\"noopener\">Baukosten<\/a> sind bereits sehr hoch. Wer heute ohne \u00f6ffentliche F\u00f6rderung neu baut, muss am Ende eine monatliche Netto-Kaltmiete von 16 bis 18 Euro pro Quadratmeter verlangen. Klimaneutralit\u00e4t f\u00fcnf Jahre fr\u00fcher (eine Volksinitiative will das in Hamburg, die Red.) treibt Baukosten und <a href=\"https:\/\/www.bild.de\/themen\/specials\/mieterrecht\/recht-nachrichten-news-fotos-videos-18245568.bild.html\" class=\"text-link\" target=\"_blank\" rel=\"noopener\">Mietpreise<\/a> weiter in die H\u00f6he.<\/p>\n<p>140 Milliarden Euro bis 2045 n\u00f6tig<\/p>\n<p>2. Die staatliche F\u00f6rderung st\u00f6\u00dft an Grenzen. <a href=\"https:\/\/www.bild.de\/regional\/hamburg\/hamburg-regional\/home-16344102.bild.html\" class=\"text-link\" target=\"_blank\" rel=\"noopener\">Hamburg<\/a> f\u00f6rdert den <a href=\"https:\/\/www.bild.de\/politik\/inland\/mieter-koennen-hoffen-400-000-neue-wohnungen-sind-moeglich-wenn-682b3fdf00213305218b305f\" class=\"text-link\" target=\"_blank\" rel=\"noopener\">Wohnungsbau<\/a> derzeit j\u00e4hrlich mit rund 700 Mio. Euro, <a href=\"https:\/\/www.bild.de\/regional\/hamburg\/hamburg-regional\/home-16344102.bild.html\" class=\"text-link\" target=\"_blank\" rel=\"noopener\">Schleswig-Holstein<\/a> mit mehr als 400 Mio. Euro. Politiker haben bereits erkl\u00e4rt, dass das auf Dauer nicht gehalten werden kann.<\/p>\n<p>3. Allein um alle Wohngeb\u00e4ude bis 2045 klimaneutral zu machen, sind in Hamburg f\u00fcr die 260.000 Wohngeb\u00e4ude mindestens 40 Milliarden Euro notwendig, in Schleswig-Holstein f\u00fcr 840.000 Wohngeb\u00e4ude 100 Mrd. Euro. Wo dieses Geld herkommen soll \u2013 unklar!<\/p>\n<p>4. Wenn Hamburg bereits im Jahr 2040 <a href=\"https:\/\/www.bild.de\/themen\/ereignisse\/klimawandel\/news-nachrichten-news-fotos-videos-16877746.bild.html\" class=\"text-link\" target=\"_blank\" rel=\"noopener\">klimaneutral<\/a> sein soll, muss die Miete zus\u00e4tzlich zu den ohnehin notwendigen Steigerungen um bis zu 1,50 Euro pro Quadratmeter erh\u00f6ht werden.<\/p>\n<p>Die Mieterzahlen drauf<\/p>\n<p>5. Steigende Mieten werden dazu f\u00fchren, dass Mieter mit mittlerem und geringem Einkommen erhebliche Einbu\u00dfen ihres Lebensstandards werden hinnehmen m\u00fcssen. Ungehemmter <a href=\"https:\/\/www.bild.de\/themen\/ereignisse\/klimawandel\/news-nachrichten-news-fotos-videos-16877746.bild.html\" class=\"text-link\" target=\"_blank\" rel=\"noopener\">Klimaschutz<\/a> vernichtet den geringeren Wohlstand der Armen.<\/p>\n<p>6. Alle bisherigen Erfahrungen belegen, dass die Heizkosten nach einer energetischen Sanierung weniger stark sinken als vorher versprochen. Mit anderen Worten: Die Mieter zahlen drauf. <\/p>\n<p>7. Energieunternehmen m\u00fcssen mehrere Hundert Mrd. Euro investieren, um die Versorgung mit CO\u2082-freier Strom und W\u00e4rme sicherzustellen. Bereits jetzt zeigen die massiven <a href=\"https:\/\/www.bild.de\/politik\/inland\/nebenkosten-schock-sie-sind-schon-fast-so-hoch-wie-die-kaltmiete-671a0091bdf31e4b974a398b\" class=\"text-link\" target=\"_blank\" rel=\"noopener\">Preissteigerungen bei der \u201ezweiten Miete\u201c<\/a>, dass die Zeche die Mieter auch dort zahlen m\u00fcssen \u2013 und viele von ihnen \u00fcberfordert werden.<\/p>\n","protected":false},"excerpt":{"rendered":"Hamburg \u2013 Ein m\u00e4chtiger Verbandschef rechnet mit der aktuellen Klima- und Wohnungspolitik im Norden Deutschlands ab. Und er&hellip;\n","protected":false},"author":2,"featured_media":318097,"comment_status":"","ping_status":"","sticky":false,"template":"","format":"standard","meta":{"footnotes":""},"categories":[1826],"tags":[2081,29,30,692,12875,2266,2267,1548,74878,2985,1351,3317,15911,1971,90831,45,51575,626,11030],"class_list":{"0":"post-318096","1":"post","2":"type-post","3":"status-publish","4":"format-standard","5":"has-post-thumbnail","7":"category-hamburg","8":"tag-bauarbeiten","9":"tag-deutschland","10":"tag-germany","11":"tag-hamburg","12":"tag-hamburg-regional","13":"tag-hamburg-regional-news","14":"tag-hamburg-regional-politik-und-wirtschaft","15":"tag-klimaschutz","16":"tag-klimaschutzvorschriften","17":"tag-kosten","18":"tag-mecklenburg-vorpommern","19":"tag-miete","20":"tag-nebenkosten","21":"tag-schleswig-holstein","22":"tag-staatliche-foerderungen","23":"tag-texttospeech","24":"tag-volksabstimmung","25":"tag-wohnung","26":"tag-wohnungsnot"},"share_on_mastodon":{"url":"https:\/\/pubeurope.com\/@de\/114970083006942460","error":""},"_links":{"self":[{"href":"https:\/\/www.europesays.com\/de\/wp-json\/wp\/v2\/posts\/318096","targetHints":{"allow":["GET"]}}],"collection":[{"href":"https:\/\/www.europesays.com\/de\/wp-json\/wp\/v2\/posts"}],"about":[{"href":"https:\/\/www.europesays.com\/de\/wp-json\/wp\/v2\/types\/post"}],"author":[{"embeddable":true,"href":"https:\/\/www.europesays.com\/de\/wp-json\/wp\/v2\/users\/2"}],"replies":[{"embeddable":true,"href":"https:\/\/www.europesays.com\/de\/wp-json\/wp\/v2\/comments?post=318096"}],"version-history":[{"count":0,"href":"https:\/\/www.europesays.com\/de\/wp-json\/wp\/v2\/posts\/318096\/revisions"}],"wp:featuredmedia":[{"embeddable":true,"href":"https:\/\/www.europesays.com\/de\/wp-json\/wp\/v2\/media\/318097"}],"wp:attachment":[{"href":"https:\/\/www.europesays.com\/de\/wp-json\/wp\/v2\/media?parent=318096"}],"wp:term":[{"taxonomy":"category","embeddable":true,"href":"https:\/\/www.europesays.com\/de\/wp-json\/wp\/v2\/categories?post=318096"},{"taxonomy":"post_tag","embeddable":true,"href":"https:\/\/www.europesays.com\/de\/wp-json\/wp\/v2\/tags?post=318096"}],"curies":[{"name":"wp","href":"https:\/\/api.w.org\/{rel}","templated":true}]}}