{"id":318118,"date":"2025-08-04T10:53:11","date_gmt":"2025-08-04T10:53:11","guid":{"rendered":"https:\/\/www.europesays.com\/de\/318118\/"},"modified":"2025-08-04T10:53:11","modified_gmt":"2025-08-04T10:53:11","slug":"zdf-fernsehgarten-zuschauer-enttaeuscht-wegen-show-ausfall","status":"publish","type":"post","link":"https:\/\/www.europesays.com\/de\/318118\/","title":{"rendered":"&#8222;ZDF-Fernsehgarten&#8220;: Zuschauer entt\u00e4uscht wegen Show-Ausfall"},"content":{"rendered":"<p>&#8222;Ihr betr\u00fcgt eure Leute&#8220; <\/p>\n<p>Die &#8222;ZDF-Fernsehgarten&#8220;-Zuschauer sind sauer<\/p>\n<p>04.08.2025 &#8211; 11:32 UhrLesedauer: 2 Min.<\/p>\n<p><a href=\"#focus-0\" class=\"transition-colors duration-200 focus-within:text-magenta block text-current relative\" data-sctrack=\"FocusGalleryImage.Reference\"><img fetchpriority=\"high\" data-testid=\"Opener.Image\" style=\"--lqipURL:url('https:\/\/images.t-online.de\/2025\/08\/2B-fYk7vC6Jb\/1000x192:1770x995\/fit-in\/150x0\/filters:blur(25)\/andrea-kiewel-am-sonntag-stand-sie-nicht-wie-sonst-vor-der-karmea-fuer-den-zdf-fernsehgarten.jpg')\"   loading=\"eager\" src=\"https:\/\/www.europesays.com\/de\/wp-content\/uploads\/2025\/08\/andrea-kiewel-am-sonntag-stand-sie-nicht-wie-sonst-vor-der-karmea-fuer-den-zdf-fernsehgarten.jpg\" alt=\"Andrea Kiewel: Am Sonntag stand sie nicht wie sonst vor der Karmea f\u00fcr den &quot;ZDF-Fernsehgarten&quot;.\" title=\"Andrea Kiewel: Am Sonntag stand sie nicht wie sonst vor der Karmea f\u00fcr den &quot;ZDF-Fernsehgarten&quot;.\" width=\"1770\" height=\"995\" class=\"bg-[url:var(--lqipURL)] bg-cover bg-center flex h-full w-full max-w-full\" decoding=\"async\"\/><img style=\"--width:32;--height:32\" loading=\"lazy\" src=\"https:\/\/www.t-online.de\/s\/paper\/_next\/static\/media\/zoom-in.f7dae02f.svg\" alt=\"Vergr\u00f6\u00dfern des Bildes\" title=\"Vergr\u00f6\u00dfern des Bildes\" class=\"block h-[calc(var(--height)_\/_16_*_1rem)] w-[calc(var(--width)_\/_16_*_1rem)] max-w-none absolute bottom-8 right-8 rounded-4 bg-snow p-8\" decoding=\"async\"\/><\/a><\/p>\n<p>Andrea Kiewel: Am Sonntag stand sie nicht wie sonst vor der Karmea f\u00fcr den &#8222;ZDF-Fernsehgarten&#8220;. (Quelle: IMAGO\/STAR-MEDIA)<\/p>\n<p class=\"font-bold text-18 leading-17\">Am Sonntag gab es nicht wie gewohnt eine neue Ausgabe der Musikshow mit Andrea Kiewel. Das Publikum zeigte sich deswegen entt\u00e4uscht.<\/p>\n<p class=\"text-18 leading-17\">Auf Instagram ver\u00f6ffentlichte der Kanal zur Sendung deswegen einen Beitrag, in dem es hie\u00df: &#8222;Wenn du sonntags um 12 Uhr voller Vorfreude <a class=\"transition-colors duration-200 cursor-pointer text-inherit no-underline text-salemsfur md:hover:text-magenta md:hover:border-magenta md:focus:text-magenta border-current border-b border-solid break-words\" href=\"https:\/\/www.t-online.de\/themen\/zdf\/\" data-sctrack=\"BodyAnchor\" rel=\"nofollow noopener\" target=\"_blank\">ZDF<\/a> einschaltest und dann einfach gar kein <a class=\"transition-colors duration-200 cursor-pointer text-inherit no-underline text-salemsfur md:hover:text-magenta md:hover:border-magenta md:focus:text-magenta border-current border-b border-solid break-words\" href=\"https:\/\/www.t-online.de\/themen\/zdf-fernsehgarten\/\" data-sctrack=\"BodyAnchor\" rel=\"nofollow noopener\" target=\"_blank\">Fernsehgarten<\/a> l\u00e4uft.&#8220; Man g\u00f6nne den Kollegen &#8222;vom Sport aber nat\u00fcrlich den Sendeplatz&#8220; und freue sich umso mehr auf die Schlagerparty, die am 10. August wieder im Fernsehgarten stattfinden werde.<\/p>\n<p class=\"text-18 leading-17\">Unter diesem Beitrag finden sich zahlreiche Beschwerden von entt\u00e4uschten Zuschauern. &#8222;Immer das Gleiche in der <a class=\"transition-colors duration-200 cursor-pointer text-inherit no-underline text-salemsfur md:hover:text-magenta md:hover:border-magenta md:focus:text-magenta border-current border-b border-solid break-words\" href=\"https:\/\/www.t-online.de\/themen\/ard\/\" data-sctrack=\"BodyAnchor\" rel=\"nofollow noopener\" target=\"_blank\">ARD<\/a> oder beim ZDF mit dem Sport. Die sollen das auf den Sportsender bringen, denn daf\u00fcr sind sie doch da&#8220;, schrieb etwa jemand. &#8222;Bl\u00f6der Sport&#8220;, lautete eine andere Meinung.<\/p>\n<p class=\"text-18 leading-17\">Eine Zuschauerin zeigt sich besonders irritiert, wegen der Programm\u00e4nderung: &#8222;Merkw\u00fcrdig ist nur: Woher wei\u00df die Fernsehzeitung, dass es heute keinen &#8218;ZDF-Fernsehgarten&#8216; gibt? Ihr betr\u00fcgt eure Leute und das ist schei**e. Ich bin entt\u00e4uscht.&#8220; Dass am 3. August das Sportevent statt der Musiksendung ausgestrahlt werden w\u00fcrde, war nat\u00fcrlich seitens des Senders schon lange vorher geplant und wurde dementsprechend auch kommuniziert.<\/p>\n<p class=\"text-18 leading-17\">In diesem Jahr l\u00e4uft der &#8222;ZDF-Fernsehgarten&#8220; vom 4. Mai bis zum 28. September. Auf dem Lerchenberg versammeln sich w\u00f6chentlich zahlreiche Musiker, um mit ihren Songs aufzutreten. Vor Ort sind regelm\u00e4\u00dfig rund 6.000 Zuschauer, um das Geschehen live zu verfolgen. Vor den Fernsehger\u00e4ten zu Hause sitzen in der Regel zwei Millionen Menschen und schauen sich das Spektakel an.<\/p>\n","protected":false},"excerpt":{"rendered":"&#8222;Ihr betr\u00fcgt eure Leute&#8220; Die &#8222;ZDF-Fernsehgarten&#8220;-Zuschauer sind sauer 04.08.2025 &#8211; 11:32 UhrLesedauer: 2 Min. Andrea Kiewel: Am Sonntag&hellip;\n","protected":false},"author":2,"featured_media":318119,"comment_status":"","ping_status":"","sticky":false,"template":"","format":"standard","meta":{"footnotes":""},"categories":[1773],"tags":[8519,29,2386,214,8518,30,152,59124,471,1780,215,1448],"class_list":{"0":"post-318118","1":"post","2":"type-post","3":"status-publish","4":"format-standard","5":"has-post-thumbnail","7":"category-serien","8":"tag-andrea-kiewel","9":"tag-deutschland","10":"tag-dresden","11":"tag-entertainment","12":"tag-fernsehgarten","13":"tag-germany","14":"tag-instagram","15":"tag-musikshow","16":"tag-serien","17":"tag-series","18":"tag-unterhaltung","19":"tag-zdf"},"share_on_mastodon":{"url":"https:\/\/pubeurope.com\/@de\/114970126334329469","error":""},"_links":{"self":[{"href":"https:\/\/www.europesays.com\/de\/wp-json\/wp\/v2\/posts\/318118","targetHints":{"allow":["GET"]}}],"collection":[{"href":"https:\/\/www.europesays.com\/de\/wp-json\/wp\/v2\/posts"}],"about":[{"href":"https:\/\/www.europesays.com\/de\/wp-json\/wp\/v2\/types\/post"}],"author":[{"embeddable":true,"href":"https:\/\/www.europesays.com\/de\/wp-json\/wp\/v2\/users\/2"}],"replies":[{"embeddable":true,"href":"https:\/\/www.europesays.com\/de\/wp-json\/wp\/v2\/comments?post=318118"}],"version-history":[{"count":0,"href":"https:\/\/www.europesays.com\/de\/wp-json\/wp\/v2\/posts\/318118\/revisions"}],"wp:featuredmedia":[{"embeddable":true,"href":"https:\/\/www.europesays.com\/de\/wp-json\/wp\/v2\/media\/318119"}],"wp:attachment":[{"href":"https:\/\/www.europesays.com\/de\/wp-json\/wp\/v2\/media?parent=318118"}],"wp:term":[{"taxonomy":"category","embeddable":true,"href":"https:\/\/www.europesays.com\/de\/wp-json\/wp\/v2\/categories?post=318118"},{"taxonomy":"post_tag","embeddable":true,"href":"https:\/\/www.europesays.com\/de\/wp-json\/wp\/v2\/tags?post=318118"}],"curies":[{"name":"wp","href":"https:\/\/api.w.org\/{rel}","templated":true}]}}