{"id":318120,"date":"2025-08-04T10:54:15","date_gmt":"2025-08-04T10:54:15","guid":{"rendered":"https:\/\/www.europesays.com\/de\/318120\/"},"modified":"2025-08-04T10:54:15","modified_gmt":"2025-08-04T10:54:15","slug":"wacken-2025-impressionen-foto-galerie","status":"publish","type":"post","link":"https:\/\/www.europesays.com\/de\/318120\/","title":{"rendered":"Wacken 2025: Impressionen (Foto-Galerie)"},"content":{"rendered":"<p>Das gr\u00f6\u00dfte Metal-Festival Deutschlands fand vom 30.07. bis zum 02.08.2025 statt und begeisterte trotz Regen und Schlamm zehntausende Fans mit Bands wie Guns N\u2019 Roses, Gojira, Saltatio Mortis, Apocalyptica, Within Temptation, Dimmu Borgir, Machine Head, Beyond The Black, Papa Roach, August Burns Red, Destruction und unz\u00e4hligen mehr.<\/p>\n<p>In der kommenden METAL HAMMER-Ausgabe findet ihr den weltweit ausf\u00fchrlichsten Report zum Wacken Open Air: Wir berichten von den spannendsten Auftritten der besten Bands, dem bunten Wacken-Treiben drumherum und hinter den Festival-Kulissen und zeigen euch exklusive Fotos vom Wacken Open Air. <strong>METAL HAMMER 09\/2025<\/strong> findet ihr <strong>ab 22.08.2025 am Kiosk<\/strong>, ihr k\u00f6nnt das Heft <a href=\"https:\/\/www.musik-magazine.de\/metal-hammer-02-25-09\/\" target=\"_blank\" rel=\"noopener\"><strong>mit exklusiver Helloween-7\u2033-Vinyl-Beilage auch portofrei im Shop bestellen<\/strong><\/a> oder es euch direkt <a href=\"https:\/\/www.musik-magazine.de\/spezial_abo-vz-webshop-1753-as-mex\/\" target=\"_blank\" rel=\"noopener noreferrer\">im hammerg\u00fcnstigen Spezialabo<\/a> sichern.<\/p>\n<p>Empfehlungen der Redaktion<\/p>\n<p>\u2014<br \/>Bestens informiert \u00fcber dieses und alle weiteren wichtigen Themen im Metal bleibt ihr au\u00dferdem mit unserem Newsletter. Einmal pro Woche flattert euch \u00fcbersichtlich sortiert ein Update ins Postfach. <a href=\"https:\/\/www.metal-hammer.de\/news\/newsletter\/\" target=\"_blank\" rel=\"noopener noreferrer\"><strong>Einfach anmelden<\/strong><\/a>, damit euch auch sicher nichts entgeht.<\/p>\n","protected":false},"excerpt":{"rendered":"Das gr\u00f6\u00dfte Metal-Festival Deutschlands fand vom 30.07. bis zum 02.08.2025 statt und begeisterte trotz Regen und Schlamm zehntausende&hellip;\n","protected":false},"author":2,"featured_media":318121,"comment_status":"","ping_status":"","sticky":false,"template":"","format":"standard","meta":{"footnotes":""},"categories":[1772],"tags":[90836,73,29,214,2448,30,4006,1779,810,16016,215,84997,80624],"class_list":{"0":"post-318120","1":"post","2":"type-post","3":"status-publish","4":"format-standard","5":"has-post-thumbnail","7":"category-musik","8":"tag-bad-loverz","9":"tag-bilder","10":"tag-deutschland","11":"tag-entertainment","12":"tag-galerie","13":"tag-germany","14":"tag-live","15":"tag-music","16":"tag-musik","17":"tag-papa-roach","18":"tag-unterhaltung","19":"tag-wacken-2025","20":"tag-wacken-open-air"},"share_on_mastodon":{"url":"https:\/\/pubeurope.com\/@de\/114970130202858828","error":""},"_links":{"self":[{"href":"https:\/\/www.europesays.com\/de\/wp-json\/wp\/v2\/posts\/318120","targetHints":{"allow":["GET"]}}],"collection":[{"href":"https:\/\/www.europesays.com\/de\/wp-json\/wp\/v2\/posts"}],"about":[{"href":"https:\/\/www.europesays.com\/de\/wp-json\/wp\/v2\/types\/post"}],"author":[{"embeddable":true,"href":"https:\/\/www.europesays.com\/de\/wp-json\/wp\/v2\/users\/2"}],"replies":[{"embeddable":true,"href":"https:\/\/www.europesays.com\/de\/wp-json\/wp\/v2\/comments?post=318120"}],"version-history":[{"count":0,"href":"https:\/\/www.europesays.com\/de\/wp-json\/wp\/v2\/posts\/318120\/revisions"}],"wp:featuredmedia":[{"embeddable":true,"href":"https:\/\/www.europesays.com\/de\/wp-json\/wp\/v2\/media\/318121"}],"wp:attachment":[{"href":"https:\/\/www.europesays.com\/de\/wp-json\/wp\/v2\/media?parent=318120"}],"wp:term":[{"taxonomy":"category","embeddable":true,"href":"https:\/\/www.europesays.com\/de\/wp-json\/wp\/v2\/categories?post=318120"},{"taxonomy":"post_tag","embeddable":true,"href":"https:\/\/www.europesays.com\/de\/wp-json\/wp\/v2\/tags?post=318120"}],"curies":[{"name":"wp","href":"https:\/\/api.w.org\/{rel}","templated":true}]}}