{"id":318122,"date":"2025-08-04T10:55:12","date_gmt":"2025-08-04T10:55:12","guid":{"rendered":"https:\/\/www.europesays.com\/de\/318122\/"},"modified":"2025-08-04T10:55:12","modified_gmt":"2025-08-04T10:55:12","slug":"rueckschlag-fuer-das-neue-projekt-vom-andor-macher-hauptdarsteller-oscar-isaac-steigt-kurz-vor-drehbeginn-aus-kino-news","status":"publish","type":"post","link":"https:\/\/www.europesays.com\/de\/318122\/","title":{"rendered":"R\u00fcckschlag f\u00fcr das neue Projekt vom &#8222;Andor&#8220;-Macher: Hauptdarsteller Oscar Isaac steigt kurz vor Drehbeginn aus &#8211; Kino News"},"content":{"rendered":"<p>10 Jahre hat Tony Gilroy zuletzt im \u201eStar Wars\u201c-Universum zugebracht. Zeit, um sich wieder in andere Gefilde zu begeben&#8230; doch die Umsetzung seines Filmes \u201eBehemoth!\u201c gestaltet sich weiterhin als schwierig. Nun hat Oscar Isaac das Projekt verlassen.<\/p>\n<p>    <img loading=\"lazy\" decoding=\"async\" class=\"article-figure-img\" width=\"654\" height=\"368\" src=\"https:\/\/www.europesays.com\/de\/wp-content\/uploads\/2025\/08\/f29b4481e3bf25fe8a5265431d5e8864.jpg\"\/><\/p>\n<p>        Disney+<\/p>\n<p class=\"bo-p\">Nachdem <a href=\"https:\/\/www.filmstarts.de\/personen\/48116.html\" class=\"bo-link\" rel=\"nofollow noopener\" target=\"_blank\">Tony Gilroy<\/a> einst das beinahe entgleiste \u201eStar Wars\u201c-Prequel \u201eRogue One\u201c erfolgreich wieder auf Kurs brachte, widmete er sich mit \u201eAndor\u201c einer weiteren Vorgeschichte im beliebten Sternenkrieg-Universum \u2013 und das mit Erfolg. Nicht nur \u201eRogue One\u201c wurde weltweit auf der Kinoleinwand gefeiert, sondern auch \u201eAndor\u201c gilt f\u00fcr viele Fans als die mit Abstand beste \u201eStar Wars\u201c-Serie \u00fcberhaupt.<\/p>\n<p class=\"bo-p\">Nach dem gefeierten Abschluss der Serie wollte sich Tony Gilroy jedoch einem Projekt widmen, das keinerlei Verbindung zu \u201eStar Wars\u201c aufweist: \u201e<a href=\"https:\/\/www.filmstarts.de\/kritiken\/1000021740.html\" class=\"bo-link\" rel=\"nofollow noopener\" target=\"_blank\">Behemoth!<\/a>\u201c. Doch die Realisierung dieses neuen Films gestaltet sich als schwierig. Wie bereits im Mai berichtet wurde, fiel es Gilroy \u00e4u\u00dferst schwer, die notwendige Finanzierung f\u00fcr sein Vorhaben auf die Beine zu stellen.<\/p>\n<p>Oscar Isaac verl\u00e4sst &#8222;Behemoth!&#8220;:<\/p>\n<p class=\"bo-p\">Das Projekt selbst wurde bereits vor Monaten ausgearbeitet, mit <a href=\"https:\/\/www.filmstarts.de\/personen\/147909.html\" class=\"bo-link\" rel=\"nofollow noopener\" target=\"_blank\">Oscar Isaac<\/a> (\u201eThe Card Counter\u201c) war auch schon ein namhafter Hauptdarsteller an Bord. Die in Los Angeles angesiedelte Geschichte soll sich rund um Filmmusik und die Menschen drehen, die sie erschaffen. Doch Gilroys Probleme, Investoren zu gewinnen, lagen nicht nur an seinem Status, die Massen anzulocken, sondern auch an komplexen steuerlichen Rahmenbedingungen, wie ihr hier nachlesen k\u00f6nnt:<\/p>\n<p>    <a class=\"cms-see-also\" data-title=\"Auch interessant\" href=\"https:\/\/www.filmstarts.de\/nachrichten\/1000144471.html\" rel=\"nofollow noopener\" target=\"_blank\">&#8222;Star Wars: Andor&#8220;-Macher klagt, dass niemand seinen neuen Kinofilm machen will<\/a><\/p>\n<p class=\"bo-p\">Inzwischen konnte immerhin Entwarnung gegeben werden: Searchlight Pictures wird sowohl die Produktion als auch die Finanzierung von \u201eBehemoth!\u201c \u00fcbernehmen. Die Dreharbeiten sind f\u00fcr Oktober angesetzt \u2013 doch nun folgt der n\u00e4chste R\u00fcckschlag: <b>Laut dem gut vernetzten Brancheninsider <\/b><b>Jeff Sneider<\/b><b> hat Oscar Isaac das Projekt verlassen. Grund daf\u00fcr seien terminliche \u00dcberschneidungen mit anderen Filmverpflichtungen.<\/b><\/p>\n<p class=\"bo-p\">F\u00fcr Tony Gilroy, der ohnehin gro\u00dfe Anstrengungen unternehmen musste, um \u201eBehemoth!\u201c \u00fcberhaupt in die Umsetzung zu bringen, ist der Ausstieg seines Wunsch-Hauptdarstellers nat\u00fcrlich ein herber R\u00fcckschlag. Dennoch bleiben Gilroy und Searchlight noch zwei Monate Zeit, um eine geeignete Neubesetzung zu finden \u2013 ein Zeitfenster, in dem sich durchaus noch ein passender Ersatz auftreiben lassen sollte.<\/p>\n<p class=\"bo-p\">Ein Film, auf den ihr euch aktuell freuen k\u00f6nnt, ist die Kom\u00f6die \u201e<a href=\"https:\/\/www.filmstarts.de\/kritiken\/1000028664.html\" class=\"bo-link\" rel=\"nofollow noopener\" target=\"_blank\">Dance Parents<\/a>\u201c. Alles rund um das Projekt mit Charlize Theron und Channing Tatum erfahrt ihr im nachfolgenden Artikel:<\/p>\n<p>    <a class=\"cms-see-also\" data-title=\"Auch interessant\" href=\"https:\/\/www.filmstarts.de\/nachrichten\/1000157803.html\" rel=\"nofollow noopener\" target=\"_blank\">Die n\u00e4chste Hit-Kom\u00f6die nach &#8222;Happy Gilmore 2&#8220; und &#8222;Die nackte Kanone&#8220;? Charlize Theron &amp; Channing Tatum \u00fcbernehmen Hauptrollen in &#8222;Dance Parents&#8220;<\/a><\/p>\n","protected":false},"excerpt":{"rendered":"10 Jahre hat Tony Gilroy zuletzt im \u201eStar Wars\u201c-Universum zugebracht. Zeit, um sich wieder in andere Gefilde zu&hellip;\n","protected":false},"author":2,"featured_media":318123,"comment_status":"","ping_status":"","sticky":false,"template":"","format":"standard","meta":{"footnotes":""},"categories":[1771],"tags":[1778,29,214,30,95,1777,215],"class_list":{"0":"post-318122","1":"post","2":"type-post","3":"status-publish","4":"format-standard","5":"has-post-thumbnail","7":"category-kino","8":"tag-cinema","9":"tag-deutschland","10":"tag-entertainment","11":"tag-germany","12":"tag-kino","13":"tag-movie","14":"tag-unterhaltung"},"share_on_mastodon":{"url":"https:\/\/pubeurope.com\/@de\/114970134100923295","error":""},"_links":{"self":[{"href":"https:\/\/www.europesays.com\/de\/wp-json\/wp\/v2\/posts\/318122","targetHints":{"allow":["GET"]}}],"collection":[{"href":"https:\/\/www.europesays.com\/de\/wp-json\/wp\/v2\/posts"}],"about":[{"href":"https:\/\/www.europesays.com\/de\/wp-json\/wp\/v2\/types\/post"}],"author":[{"embeddable":true,"href":"https:\/\/www.europesays.com\/de\/wp-json\/wp\/v2\/users\/2"}],"replies":[{"embeddable":true,"href":"https:\/\/www.europesays.com\/de\/wp-json\/wp\/v2\/comments?post=318122"}],"version-history":[{"count":0,"href":"https:\/\/www.europesays.com\/de\/wp-json\/wp\/v2\/posts\/318122\/revisions"}],"wp:featuredmedia":[{"embeddable":true,"href":"https:\/\/www.europesays.com\/de\/wp-json\/wp\/v2\/media\/318123"}],"wp:attachment":[{"href":"https:\/\/www.europesays.com\/de\/wp-json\/wp\/v2\/media?parent=318122"}],"wp:term":[{"taxonomy":"category","embeddable":true,"href":"https:\/\/www.europesays.com\/de\/wp-json\/wp\/v2\/categories?post=318122"},{"taxonomy":"post_tag","embeddable":true,"href":"https:\/\/www.europesays.com\/de\/wp-json\/wp\/v2\/tags?post=318122"}],"curies":[{"name":"wp","href":"https:\/\/api.w.org\/{rel}","templated":true}]}}