{"id":318139,"date":"2025-08-04T11:04:14","date_gmt":"2025-08-04T11:04:14","guid":{"rendered":"https:\/\/www.europesays.com\/de\/318139\/"},"modified":"2025-08-04T11:04:14","modified_gmt":"2025-08-04T11:04:14","slug":"das-sind-die-buergermeister-kandidaten-in-halle","status":"publish","type":"post","link":"https:\/\/www.europesays.com\/de\/318139\/","title":{"rendered":"Das sind die B\u00fcrgermeister-Kandidaten in Halle"},"content":{"rendered":"<p class=\"fp-paragraph\">Die B\u00fcrgerinnen und B\u00fcrger haben die Wahl: Am 14. September 2025 findet die Kommunalwahl statt. Dann entscheidet sich, wer in den kommenden f\u00fcnf Jahren die politische Verantwortung in den St\u00e4dten und Kommunen \u00fcbernimmt.<\/p>\n<p>Top informiert mit<\/p>\n<p><strong>im 1. Monat<\/strong><\/p>\n<p>0,99 \u20ac*<a href=\"https:\/\/abo.westfalen-blatt.de\/Digital+Basis.htm?utm_source=Website&amp;utm_medium=Layer&amp;utm_campaign=noUEG&amp;pwlayer=plus&amp;ezobjectid=3342846\" class=\"fp-button fp-button__primary fp-paywall-action-submit\" style=\"background-color: #000000;\" rel=\"nofollow noopener\" target=\"_blank\">weiter<\/a>*danach 7 \u20ac \/ Monat<\/p>\n<p>monatlich k\u00fcndbar<\/p>\n<p class=\"fp-article-paywall__plan--description\">freier Zugriff auf alle WB+ Inhalte und die News-App<\/p>\n<p><strong>pro Woche<\/strong><\/p>\n<p>1 \u20ac<a href=\"https:\/\/abo.westfalen-blatt.de\/_article\/Digital-Basis-Wochenabo?utm_source=Website&amp;utm_medium=Layer&amp;utm_campaign=noUEG&amp;pwlayer=plus&amp;ezobjectid=3342846\" class=\"fp-button fp-button__primary fp-paywall-action-submit\" style=\"background-color: #000000;\" rel=\"nofollow noopener\" target=\"_blank\">weiter<\/a>ab dem 2. Jahr 2 \u20ac \/ Woche<\/p>\n<p>monatlich k\u00fcndbar<\/p>\n<p class=\"fp-article-paywall__plan--description\">freier Zugriff auf alle WB+ Inhalte und die News-App<\/p>\n<p><strong>1 Jahr<\/strong><\/p>\n<p>59 \u20ac<a href=\"https:\/\/abo.westfalen-blatt.de\/Digital+Basis+Jahrespass.htm?utm_source=Website&amp;utm_medium=Layer&amp;utm_campaign=noUEG&amp;pwlayer=plus&amp;ezobjectid=3342846\" class=\"fp-button fp-button__primary fp-paywall-action-submit\" style=\"background-color: #000000;\" rel=\"nofollow noopener\" target=\"_blank\"><\/a><\/p>\n<p class=\"fp-article-paywall__plan--description\">freier Zugriff auf alle WB+ Inhalte und die News-App<\/p>\n<p>Sie haben bereits ein Abonnement? <a title=\"Hier einloggen\" alt=\"Hier einloggen\" href=\"https:\/\/account.westfalen-blatt.de\/login?redurl=https:\/\/www.westfalen-blatt.de\/owl\/kreis-guetersloh\/halle\/buergermeister-kandidaten-halle-3342846?pid=true&amp;ueg=default\" rel=\"nofollow noopener\" target=\"_blank\"><a href=\"https:\/\/account.westfalen-blatt.de\/login?redurl=https:\/\/www.westfalen-blatt.de\/?redurl=https:\/\/www.westfalen-blatt.de\/owl\/kreis-guetersloh\/halle\/buergermeister-kandidaten-halle-3342846?pid=true&amp;ueg=default\" rel=\"nofollow noopener\" target=\"_blank\">\u00a0<a href=\"https:\/\/account.westfalen-blatt.de\/login?redurl=https:\/\/www.westfalen-blatt.de\/owl\/kreis-guetersloh\/halle\/buergermeister-kandidaten-halle-3342846?pid=true&amp;ueg=default\" rel=\"nofollow noopener\" target=\"_blank\">Jetzt anmelden<\/a><a href=\"https:\/\/account.westfalen-blatt.de\/login?redurl=https:\/\/www.westfalen-blatt.de\/?redurl=https:\/\/www.westfalen-blatt.de\/owl\/kreis-guetersloh\/halle\/buergermeister-kandidaten-halle-3342846?pid=true&amp;ueg=default\" rel=\"nofollow noopener\" target=\"_blank\"><a href=\"https:\/\/account.westfalen-blatt.de\/login?redurl=https:\/\/www.westfalen-blatt.de\/?redurl=https:\/\/www.westfalen-blatt.de\/owl\/kreis-guetersloh\/halle\/buergermeister-kandidaten-halle-3342846?pid=true&amp;ueg=default\" rel=\"nofollow noopener\" target=\"_blank\"><\/p>\n","protected":false},"excerpt":{"rendered":"Die B\u00fcrgerinnen und B\u00fcrger haben die Wahl: Am 14. September 2025 findet die Kommunalwahl statt. Dann entscheidet sich,&hellip;\n","protected":false},"author":2,"featured_media":318140,"comment_status":"","ping_status":"","sticky":false,"template":"","format":"standard","meta":{"footnotes":""},"categories":[1860],"tags":[3364,29,548,663,3934,30,4062,17332,13,14,15,17331,860,12],"class_list":{"0":"post-318139","1":"post","2":"type-post","3":"status-publish","4":"format-standard","5":"has-post-thumbnail","7":"category-halle-saale","8":"tag-de","9":"tag-deutschland","10":"tag-eu","11":"tag-europa","12":"tag-europe","13":"tag-germany","14":"tag-halle","15":"tag-halle-saale","16":"tag-headlines","17":"tag-nachrichten","18":"tag-news","19":"tag-saale","20":"tag-sachsen-anhalt","21":"tag-schlagzeilen"},"share_on_mastodon":{"url":"https:\/\/pubeurope.com\/@de\/114970169589860034","error":""},"_links":{"self":[{"href":"https:\/\/www.europesays.com\/de\/wp-json\/wp\/v2\/posts\/318139","targetHints":{"allow":["GET"]}}],"collection":[{"href":"https:\/\/www.europesays.com\/de\/wp-json\/wp\/v2\/posts"}],"about":[{"href":"https:\/\/www.europesays.com\/de\/wp-json\/wp\/v2\/types\/post"}],"author":[{"embeddable":true,"href":"https:\/\/www.europesays.com\/de\/wp-json\/wp\/v2\/users\/2"}],"replies":[{"embeddable":true,"href":"https:\/\/www.europesays.com\/de\/wp-json\/wp\/v2\/comments?post=318139"}],"version-history":[{"count":0,"href":"https:\/\/www.europesays.com\/de\/wp-json\/wp\/v2\/posts\/318139\/revisions"}],"wp:featuredmedia":[{"embeddable":true,"href":"https:\/\/www.europesays.com\/de\/wp-json\/wp\/v2\/media\/318140"}],"wp:attachment":[{"href":"https:\/\/www.europesays.com\/de\/wp-json\/wp\/v2\/media?parent=318139"}],"wp:term":[{"taxonomy":"category","embeddable":true,"href":"https:\/\/www.europesays.com\/de\/wp-json\/wp\/v2\/categories?post=318139"},{"taxonomy":"post_tag","embeddable":true,"href":"https:\/\/www.europesays.com\/de\/wp-json\/wp\/v2\/tags?post=318139"}],"curies":[{"name":"wp","href":"https:\/\/api.w.org\/{rel}","templated":true}]}}