{"id":318143,"date":"2025-08-04T11:06:10","date_gmt":"2025-08-04T11:06:10","guid":{"rendered":"https:\/\/www.europesays.com\/de\/318143\/"},"modified":"2025-08-04T11:06:10","modified_gmt":"2025-08-04T11:06:10","slug":"hamburg-schleswig-holstein-mehr-kontrollen-nach-drehleiterunfall-bei-kieler-feuerwehr","status":"publish","type":"post","link":"https:\/\/www.europesays.com\/de\/318143\/","title":{"rendered":"Hamburg &#038; Schleswig-Holstein: Mehr Kontrollen nach Drehleiterunfall bei Kieler Feuerwehr"},"content":{"rendered":"<p>                    Hamburg &amp; Schleswig-Holstein<br \/>\n                Mehr Kontrollen nach Drehleiterunfall bei Kieler Feuerwehr<\/p>\n<p>\t\t\t\t              04.08.2025, 12:48 Uhr<\/p>\n<p><strong>Feuerwehrleute \u00fcben einen gef\u00e4hrlichen Beruf aus, um Menschen in Gefahr zu helfen. Ihre Ausr\u00fcstung soll in bestem Zustand sein. Nach einem Drehleiterunfall werden Kontrollen versch\u00e4rft.<\/strong><\/p>\n<p>Kiel (dpa\/lno) &#8211; Die Berufsfeuerwehr Kiel zieht Konsequenzen aus einem Unfall mit einer Drehleiter bei einer Ausbildung in Preetz (Kreis Pl\u00f6n). Dabei waren im vergangenen Oktober zwei Feuerwehrleute schwer verletzt worden.<\/p>\n<p>Ursache des Unfalls, bei dem die ausgefahrene Drehleiter ruckartig einfuhr und der Rettungskorb abknickte, war ein Erm\u00fcdungsbruch eines Auszugsseils, wie aus dem jetzt vorgelegten Untersuchungsbericht zu dem Unfall hervorgeht. In der Folge versagte auch das zweite Auszugsseil. Zuerst berichtete der NDR. Die Stahlseile seien im Bereich der Bruchstelle weniger geschmiert gewesen als auf der \u00fcbrigen L\u00e4nge. Bei den regelm\u00e4\u00dfigen Pr\u00fcfungen sei das nicht aufgefallen.<\/p>\n<p>Als Konsequenz werden die Wartungen intensiviert und die Austauschfristen f\u00fcr Stahlseile verk\u00fcrzt. Es gibt eine spezielle Fortbildung zur Beurteilung von Drahtseilen. Au\u00dferdem werden Feuerwehrleute im Rettungskorb besser gegen Absturz gesichert.<\/p>\n","protected":false},"excerpt":{"rendered":"Hamburg &amp; Schleswig-Holstein Mehr Kontrollen nach Drehleiterunfall bei Kieler Feuerwehr 04.08.2025, 12:48 Uhr Feuerwehrleute \u00fcben einen gef\u00e4hrlichen Beruf&hellip;\n","protected":false},"author":2,"featured_media":318144,"comment_status":"","ping_status":"","sticky":false,"template":"","format":"standard","meta":{"footnotes":""},"categories":[1852],"tags":[3364,29,90841,548,663,3934,985,30,692,13,4949,32272,3270,7473,14,15,12,1971],"class_list":{"0":"post-318143","1":"post","2":"type-post","3":"status-publish","4":"format-standard","5":"has-post-thumbnail","7":"category-kiel","8":"tag-de","9":"tag-deutschland","10":"tag-drehleiterunfall","11":"tag-eu","12":"tag-europa","13":"tag-europe","14":"tag-feuerwehr","15":"tag-germany","16":"tag-hamburg","17":"tag-headlines","18":"tag-kiel","19":"tag-kieler","20":"tag-kontrollen","21":"tag-mehr","22":"tag-nachrichten","23":"tag-news","24":"tag-schlagzeilen","25":"tag-schleswig-holstein"},"share_on_mastodon":{"url":"https:\/\/pubeurope.com\/@de\/114970177382030082","error":""},"_links":{"self":[{"href":"https:\/\/www.europesays.com\/de\/wp-json\/wp\/v2\/posts\/318143","targetHints":{"allow":["GET"]}}],"collection":[{"href":"https:\/\/www.europesays.com\/de\/wp-json\/wp\/v2\/posts"}],"about":[{"href":"https:\/\/www.europesays.com\/de\/wp-json\/wp\/v2\/types\/post"}],"author":[{"embeddable":true,"href":"https:\/\/www.europesays.com\/de\/wp-json\/wp\/v2\/users\/2"}],"replies":[{"embeddable":true,"href":"https:\/\/www.europesays.com\/de\/wp-json\/wp\/v2\/comments?post=318143"}],"version-history":[{"count":0,"href":"https:\/\/www.europesays.com\/de\/wp-json\/wp\/v2\/posts\/318143\/revisions"}],"wp:featuredmedia":[{"embeddable":true,"href":"https:\/\/www.europesays.com\/de\/wp-json\/wp\/v2\/media\/318144"}],"wp:attachment":[{"href":"https:\/\/www.europesays.com\/de\/wp-json\/wp\/v2\/media?parent=318143"}],"wp:term":[{"taxonomy":"category","embeddable":true,"href":"https:\/\/www.europesays.com\/de\/wp-json\/wp\/v2\/categories?post=318143"},{"taxonomy":"post_tag","embeddable":true,"href":"https:\/\/www.europesays.com\/de\/wp-json\/wp\/v2\/tags?post=318143"}],"curies":[{"name":"wp","href":"https:\/\/api.w.org\/{rel}","templated":true}]}}