{"id":318173,"date":"2025-08-04T11:23:14","date_gmt":"2025-08-04T11:23:14","guid":{"rendered":"https:\/\/www.europesays.com\/de\/318173\/"},"modified":"2025-08-04T11:23:14","modified_gmt":"2025-08-04T11:23:14","slug":"mindestens-eine-person-nach-verpuffung-verletzt","status":"publish","type":"post","link":"https:\/\/www.europesays.com\/de\/318173\/","title":{"rendered":"Mindestens eine Person nach Verpuffung verletzt!"},"content":{"rendered":"<p>Explosion in Bochum: Mindestens eine Person nach Verpuffung verletzt!<img loading=\"lazy\" decoding=\"async\" src=\"https:\/\/www.europesays.com\/de\/wp-content\/uploads\/2025\/08\/vgzm.2176938-e-6549907.gif\" height=\"1\" width=\"1\" style=\"float:left\"\/><img alt=\"Die Feuerwehr l\u00f6scht die Stichflamme, der Schaden ist gro\u00df. (Symbolbild)\" loading=\"lazy\" width=\"940\" height=\"529\" decoding=\"async\" data-nimg=\"1\" class=\"Image_image__SdgLQ Picture_image__vGN9W\" style=\"color:transparent\"   src=\"https:\/\/www.europesays.com\/de\/wp-content\/uploads\/2025\/08\/die-feuerwehr-loescht-die-stichflamme-der-schaden-ist-gross-symbolbild.webp.webp\"\/><\/p>\n<p>In einer Bochumer Dachgeschoss-Wohnung kam es am Montagvormittag (4. August) zu einer Verpuffung. (Symbolbild) <\/p>\n<p>Bernd Wei\u00dfbrod\/dpa<\/p>\n<p class=\"AnnotatedMarkup_paragraph__IUT9l\">Die Verpuffung ereignete sich um 11.40 Uhr in einer Dachgeschosswohnung. Das best\u00e4tigt die \u00f6rtliche Feuerwehr. Mindestens eine Person wurde dabei verletzt. Wie schwer, das ist noch unklar. Die L\u00f6schfahrzeuge r\u00fccken am fr\u00fchen Montagnachmittag wieder ab. Ein Statiker sei angefordert worden, da Risse in der Fassade bemerkt wurden. Zudem wurde ein Fenster aus der Verankerung gerissen. Weitere Informationen zur Ursache gibt es bislang keine. (cko\/dga)<\/p>\n<p>Produktvergleiche, Angebote und Services<\/p>\n","protected":false},"excerpt":{"rendered":"Explosion in Bochum: Mindestens eine Person nach Verpuffung verletzt! In einer Bochumer Dachgeschoss-Wohnung kam es am Montagvormittag (4.&hellip;\n","protected":false},"author":2,"featured_media":318174,"comment_status":"","ping_status":"","sticky":false,"template":"","format":"standard","meta":{"footnotes":""},"categories":[1839],"tags":[331,338,332,339,7507,3364,29,62601,344,342,343,30,335,329,336,334,341,15,330,337,333,1209,328,327,12,340],"class_list":{"0":"post-318173","1":"post","2":"type-post","3":"status-publish","4":"format-standard","5":"has-post-thumbnail","7":"category-bochum","8":"tag-aktuelle-nachrichten","9":"tag-aktuelle-nachrichten-auf-einen-blick","10":"tag-aktuelle-news","11":"tag-aktuelle-themen-in-der-welt","12":"tag-bochum","13":"tag-de","14":"tag-deutschland","15":"tag-eilmeldungen","16":"tag-ems_-news","17":"tag-ems_news_newsausland","18":"tag-ems_news_newsinland","19":"tag-germany","20":"tag-nachrichten-aus-aller-welt","21":"tag-nachrichten-deutschland","22":"tag-nachrichten-heute","23":"tag-nachrichten-international","24":"tag-nachrichten-usa","25":"tag-news","26":"tag-news-deutschland","27":"tag-news-heute","28":"tag-news-international","29":"tag-nordrhein-westfalen","30":"tag-rtl-nachrichten","31":"tag-rtl-news","32":"tag-schlagzeilen","33":"tag-usa-news"},"share_on_mastodon":{"url":"https:\/\/pubeurope.com\/@de\/114970244537860937","error":""},"_links":{"self":[{"href":"https:\/\/www.europesays.com\/de\/wp-json\/wp\/v2\/posts\/318173","targetHints":{"allow":["GET"]}}],"collection":[{"href":"https:\/\/www.europesays.com\/de\/wp-json\/wp\/v2\/posts"}],"about":[{"href":"https:\/\/www.europesays.com\/de\/wp-json\/wp\/v2\/types\/post"}],"author":[{"embeddable":true,"href":"https:\/\/www.europesays.com\/de\/wp-json\/wp\/v2\/users\/2"}],"replies":[{"embeddable":true,"href":"https:\/\/www.europesays.com\/de\/wp-json\/wp\/v2\/comments?post=318173"}],"version-history":[{"count":0,"href":"https:\/\/www.europesays.com\/de\/wp-json\/wp\/v2\/posts\/318173\/revisions"}],"wp:featuredmedia":[{"embeddable":true,"href":"https:\/\/www.europesays.com\/de\/wp-json\/wp\/v2\/media\/318174"}],"wp:attachment":[{"href":"https:\/\/www.europesays.com\/de\/wp-json\/wp\/v2\/media?parent=318173"}],"wp:term":[{"taxonomy":"category","embeddable":true,"href":"https:\/\/www.europesays.com\/de\/wp-json\/wp\/v2\/categories?post=318173"},{"taxonomy":"post_tag","embeddable":true,"href":"https:\/\/www.europesays.com\/de\/wp-json\/wp\/v2\/tags?post=318173"}],"curies":[{"name":"wp","href":"https:\/\/api.w.org\/{rel}","templated":true}]}}