{"id":318194,"date":"2025-08-04T11:34:13","date_gmt":"2025-08-04T11:34:13","guid":{"rendered":"https:\/\/www.europesays.com\/de\/318194\/"},"modified":"2025-08-04T11:34:13","modified_gmt":"2025-08-04T11:34:13","slug":"pol-su-ueberfall-auf-postfiliale-taeter-fluechtet-mit-bargeld","status":"publish","type":"post","link":"https:\/\/www.europesays.com\/de\/318194\/","title":{"rendered":"POL-SU: \u00dcberfall auf Postfiliale &#8211; T\u00e4ter fl\u00fcchtet mit Bargeld"},"content":{"rendered":"<p class=\"date\">04.08.2025 \u2013 13:08<\/p>\n<p class=\"customer\">\n                        <a class=\"story-customer\" title=\"weiter zum newsroom von Kreispolizeibeh\u00f6rde Rhein-Sieg-Kreis\" href=\"https:\/\/www.presseportal.de\/blaulicht\/nr\/65853\" rel=\"nofollow noopener\" target=\"_blank\">Kreispolizeibeh\u00f6rde Rhein-Sieg-Kreis<\/a>\n                    <\/p>\n<p><a data-category=\"citylink-story-view\" data-action=\"click\" data-label=\"Citylink in Meldungsansicht\" class=\"story-city event-trigger\" href=\"https:\/\/www.presseportal.de\/regional\/Troisdorf\" title=\"News aus Troisdorf \" rel=\"nofollow noopener\" target=\"_blank\">Troisdorf<\/a> (ots)<\/p>\n<p>Am Freitag (01. August) kam es zu einem Raubdelikt in einer Postfiliale an der M\u00fcllekovener Stra\u00dfe im Troisdorfer Ortsteil Bergheim.<\/p>\n<p>Um 17:25 Uhr betrat ein bislang unbekannter, maskierter T\u00e4ter die Filiale, bedrohte eine Angestellte und erbeutete einen niedrigen vierstelligen Bargeldbetrag. Die Gesch\u00e4digte wurde nicht verletzt.<\/p>\n<p>Nach bisherigem Ermittlungsstand betrat der Unbekannte das Gesch\u00e4ft und forderte die Herausgabe von Bargeld. Dabei bedrohte er die anwesende Angestellte mit einem Messer. Nachdem die Mitarbeiterin ihm das geforderte Geld ausgeh\u00e4ndigt hatte, fl\u00fcchtete er aus dem Geb\u00e4ude in Richtung Krausgasse \/ Friedhofstra\u00dfe.<\/p>\n<p>Trotz intensiver Fahndungsma\u00dfnahmen konnte der Mann unerkannt entkommen.<\/p>\n<p>Die Gesch\u00e4digte beschrieb den Tatverd\u00e4chtigen wie folgt:<\/p>\n<p>Er ist etwa 20 bis 30 Jahre alt, circa 170 cm bis 180 cm gro\u00df und hat eine sportliche Statur. Bekleidet war er mit schwarzen Sweatshirtjacke, einer schwarzen Hose, schwarzen Handschuhen und einer schwarzen Sturmhaube.<\/p>\n<p>Die Polizei bittet um Zeugenhinweise:<\/p>\n<p>Wer hat zur Tatzeit verd\u00e4chtige Beobachtungen gemacht oder kann Angaben zum Tatverd\u00e4chtigen machen? Hinweise nimmt die Polizei unter der Rufnummer 02241 541-3221 entgegen. (Re)<\/p>\n<p class=\"contact-headline\">R\u00fcckfragen bitte an:<\/p>\n<p class=\"contact-text\">Kreispolizeibeh\u00f6rde Rhein-Sieg-Kreis<br \/>Pressestelle<\/p>\n<p>Telefon: 02241\/541-2222<br \/>E-Mail: <a href=\"https:\/\/www.presseportal.de\/blaulicht\/pm\/65853\/mailto: pressestelle@polizei-rhein-sieg.de\" class=\"uri-mailto\" rel=\"nofollow noopener\" target=\"_blank\"> pressestelle@polizei-rhein-sieg.de<\/a><\/p>\n<p class=\"originator\">Original-Content von: Kreispolizeibeh\u00f6rde Rhein-Sieg-Kreis, \u00fcbermittelt durch news aktuell<\/p>\n","protected":false},"excerpt":{"rendered":"04.08.2025 \u2013 13:08 Kreispolizeibeh\u00f6rde Rhein-Sieg-Kreis Troisdorf (ots) Am Freitag (01. August) kam es zu einem Raubdelikt in einer&hellip;\n","protected":false},"author":2,"featured_media":108,"comment_status":"","ping_status":"","sticky":false,"template":"","format":"standard","meta":{"footnotes":""},"categories":[1842],"tags":[1741,3364,29,30,177,1209,176,121,178,180,179,181],"class_list":{"0":"post-318194","1":"post","2":"type-post","3":"status-publish","4":"format-standard","5":"has-post-thumbnail","7":"category-bonn","8":"tag-bonn","9":"tag-de","10":"tag-deutschland","11":"tag-germany","12":"tag-kriminalitt","13":"tag-nordrhein-westfalen","14":"tag-nrw","15":"tag-polizei","16":"tag-presse","17":"tag-pressemeldung","18":"tag-pressemitteilung","19":"tag-pressemitteilungen"},"share_on_mastodon":{"url":"https:\/\/pubeurope.com\/@de\/114970287639762884","error":""},"_links":{"self":[{"href":"https:\/\/www.europesays.com\/de\/wp-json\/wp\/v2\/posts\/318194","targetHints":{"allow":["GET"]}}],"collection":[{"href":"https:\/\/www.europesays.com\/de\/wp-json\/wp\/v2\/posts"}],"about":[{"href":"https:\/\/www.europesays.com\/de\/wp-json\/wp\/v2\/types\/post"}],"author":[{"embeddable":true,"href":"https:\/\/www.europesays.com\/de\/wp-json\/wp\/v2\/users\/2"}],"replies":[{"embeddable":true,"href":"https:\/\/www.europesays.com\/de\/wp-json\/wp\/v2\/comments?post=318194"}],"version-history":[{"count":0,"href":"https:\/\/www.europesays.com\/de\/wp-json\/wp\/v2\/posts\/318194\/revisions"}],"wp:featuredmedia":[{"embeddable":true,"href":"https:\/\/www.europesays.com\/de\/wp-json\/wp\/v2\/media\/108"}],"wp:attachment":[{"href":"https:\/\/www.europesays.com\/de\/wp-json\/wp\/v2\/media?parent=318194"}],"wp:term":[{"taxonomy":"category","embeddable":true,"href":"https:\/\/www.europesays.com\/de\/wp-json\/wp\/v2\/categories?post=318194"},{"taxonomy":"post_tag","embeddable":true,"href":"https:\/\/www.europesays.com\/de\/wp-json\/wp\/v2\/tags?post=318194"}],"curies":[{"name":"wp","href":"https:\/\/api.w.org\/{rel}","templated":true}]}}