{"id":318195,"date":"2025-08-04T11:35:11","date_gmt":"2025-08-04T11:35:11","guid":{"rendered":"https:\/\/www.europesays.com\/de\/318195\/"},"modified":"2025-08-04T11:35:11","modified_gmt":"2025-08-04T11:35:11","slug":"25-jahre-nach-rekord-baskets-bonn-feiern-koeln-rueckkehr","status":"publish","type":"post","link":"https:\/\/www.europesays.com\/de\/318195\/","title":{"rendered":"25 Jahre nach Rekord: Baskets Bonn feiern K\u00f6ln-R\u00fcckkehr"},"content":{"rendered":"<p class=\"dm-paragraph my-8 dm-article-content-width\" index=\"0\" should-collapse-on-mobile=\"true\" has-padding=\"\" data-v-586984a4=\"\">25 Jahre nach dem Europarekord nun das Comeback: Die Telekom Baskets kehren zur\u00fcck in die Lanxess-Arena nach K\u00f6ln.<\/p>\n<p class=\"dm-paragraph my-8 dm-article-content-width\" index=\"1\" should-collapse-on-mobile=\"true\" has-padding=\"\" data-v-586984a4=\"\">Im April 2000 empfing der Basketball-Erstligist in Deutz Alba Berlin zum BBL-Gipfel. 18.506 Fans sahen das \u201eK\u00f6lnarena-Experiment\u201c damals live in der Halle.<\/p>\n<p>Deutsche Weltmeister zu Gast in K\u00f6ln<\/p>\n<p class=\"dm-paragraph my-8 dm-article-content-width\" index=\"3\" should-collapse-on-mobile=\"true\" has-padding=\"\" data-v-586984a4=\"\">\u201eDas war ein Meilenstein f\u00fcr unseren Klub und den deutschen Basketball\u201c, so Baskets-Gesch\u00e4ftsf\u00fchrer Simon Pallmann. \u201eJetzt kehren wir zur\u00fcck in die Lanxess-Arena. Und wir tun es mit einem absoluten Topspiel.\u201c<\/p>\n<p class=\"dm-paragraph my-8 dm-article-content-width\" index=\"4\" should-collapse-on-mobile=\"true\" has-padding=\"\" data-v-586984a4=\"\"><b>Am 21. Dezember 2025 trifft Bonn auf den amtierenden deutschen Meister Bayern M\u00fcnchen. \u201eDas wird nicht nur ein sportliches Highlight. Wir wollen ein Basketballfest f\u00fcr unsere fantastische Fanbase und die gesamte Basketballszene im Rheinland auf die Beine stellen\u201c, sagt Pallmann.<\/b><\/p>\n<p class=\"dm-paragraph my-8 dm-article-content-width\" index=\"5\" should-collapse-on-mobile=\"true\" has-padding=\"\" data-v-586984a4=\"\">Zur Wahrheit geh\u00f6rt allerdings auch, dass sich der damalige Fan-Rekord, der neun Jahre lang Bestand hatte, f\u00fcr Bonn zumindest finanziell nicht lohnte. \u201eWir gingen damals mit weniger Geld nach Hause als nach einem Ausverkauft-Spiel in der f\u00fcnfmal kleineren Hardtberghalle mit Schankrecht\u201c, sagte der langj\u00e4hrige Pr\u00e4sident Wolfang Wiedlich anl\u00e4sslich des 20-j\u00e4hrigen Jubil\u00e4ums vor f\u00fcnf Jahren der \u201eK\u00f6lnischen Rundschau\u201c. \u201eDas wollte mir damals kein Reporter glauben.\u201c<\/p>\n<p class=\"dm-paragraph my-8 dm-article-content-width\" index=\"6\" should-collapse-on-mobile=\"true\" has-padding=\"\" data-v-586984a4=\"\">Die Baskets zogen daraus den Schluss, eine eigene Halle zu bauen. Der Telekom Dome soll etwa 17 Millionen Euro gekostet haben und bietet rund 6000 Fans Platz. Weit gr\u00f6\u00dfer ist die Kapazit\u00e4t bekanntlich in der Lanxess-Arena.<\/p>\n<p class=\"dm-paragraph my-8 dm-article-content-width\" index=\"8\" should-collapse-on-mobile=\"true\" has-padding=\"\" data-v-586984a4=\"\">Arena-Boss Stefan L\u00f6cher freut sich schon jetzt auf das Basketball-Highlight kurz vor Weihnachten. \u201eDas letzte Mal, dass die Baskets in K\u00f6ln-Deutz auf dem Court standen, ist mittlerweile rund 20 Jahre her. Die Erinnerungen daran sind jedoch noch sehr pr\u00e4sent und machen einmal mehr Vorfreude auf das Spiel im Dezember\u201c, so der Gesch\u00e4ftsf\u00fchrer der Multifunktions-Arena. Nach dem Rekordspiel kam es in der Arena unter anderem noch zum Derby RheinEnergy Cologne gegen Bonn.<\/p>\n<p class=\"dm-paragraph my-8 dm-article-content-width\" index=\"9\" should-collapse-on-mobile=\"true\" has-padding=\"\" data-v-586984a4=\"\">Nun k\u00f6nnte es einen echten Star-Auflauf geben. Bei den Bayern stehen in Andi Obst, Justus Hollatz, Niels Giffey und Johannes Voigtmann gleich vier <a target=\"_blank\" href=\"https:\/\/www.express.de\/sport\/basketball\/wm-triumph-internationale-pressestimmen-zur-dbb-sensation-644182\" rel=\"nofollow noopener\">Weltmeister von 2023<\/a> unter Vertrag. Zudem gibt es f\u00fcr die Bonner ein Wiedersehen mit Champions-League-Sieger Leon Kratzer, der mittlerweile ebenfalls f\u00fcr die Bayern spielt.<\/p>\n<p class=\"dm-paragraph my-8 dm-article-content-width\" index=\"10\" should-collapse-on-mobile=\"true\" has-padding=\"\" data-v-586984a4=\"\">In K\u00fcrze beginnt der Ticketverkauf \u2013 zun\u00e4chst k\u00f6nnen sich ab dem 11. August Dauerkarteninhaber der Telekom Baskets ihre Tickets kostenlos sichern, ab 15. August sind dann f\u00fcr alle Basketball-Fans Karten im freien Verkauf erh\u00e4ltlich.<\/p>\n","protected":false},"excerpt":{"rendered":"25 Jahre nach dem Europarekord nun das Comeback: Die Telekom Baskets kehren zur\u00fcck in die Lanxess-Arena nach K\u00f6ln.&hellip;\n","protected":false},"author":2,"featured_media":318196,"comment_status":"","ping_status":"","sticky":false,"template":"","format":"standard","meta":{"footnotes":""},"categories":[1842],"tags":[1741,3364,29,30,1209],"class_list":{"0":"post-318195","1":"post","2":"type-post","3":"status-publish","4":"format-standard","5":"has-post-thumbnail","7":"category-bonn","8":"tag-bonn","9":"tag-de","10":"tag-deutschland","11":"tag-germany","12":"tag-nordrhein-westfalen"},"share_on_mastodon":{"url":"https:\/\/pubeurope.com\/@de\/114970291868303125","error":""},"_links":{"self":[{"href":"https:\/\/www.europesays.com\/de\/wp-json\/wp\/v2\/posts\/318195","targetHints":{"allow":["GET"]}}],"collection":[{"href":"https:\/\/www.europesays.com\/de\/wp-json\/wp\/v2\/posts"}],"about":[{"href":"https:\/\/www.europesays.com\/de\/wp-json\/wp\/v2\/types\/post"}],"author":[{"embeddable":true,"href":"https:\/\/www.europesays.com\/de\/wp-json\/wp\/v2\/users\/2"}],"replies":[{"embeddable":true,"href":"https:\/\/www.europesays.com\/de\/wp-json\/wp\/v2\/comments?post=318195"}],"version-history":[{"count":0,"href":"https:\/\/www.europesays.com\/de\/wp-json\/wp\/v2\/posts\/318195\/revisions"}],"wp:featuredmedia":[{"embeddable":true,"href":"https:\/\/www.europesays.com\/de\/wp-json\/wp\/v2\/media\/318196"}],"wp:attachment":[{"href":"https:\/\/www.europesays.com\/de\/wp-json\/wp\/v2\/media?parent=318195"}],"wp:term":[{"taxonomy":"category","embeddable":true,"href":"https:\/\/www.europesays.com\/de\/wp-json\/wp\/v2\/categories?post=318195"},{"taxonomy":"post_tag","embeddable":true,"href":"https:\/\/www.europesays.com\/de\/wp-json\/wp\/v2\/tags?post=318195"}],"curies":[{"name":"wp","href":"https:\/\/api.w.org\/{rel}","templated":true}]}}