{"id":318209,"date":"2025-08-04T11:42:19","date_gmt":"2025-08-04T11:42:19","guid":{"rendered":"https:\/\/www.europesays.com\/de\/318209\/"},"modified":"2025-08-04T11:42:19","modified_gmt":"2025-08-04T11:42:19","slug":"das-chipindustrie-will-weg-vom-erdgas","status":"publish","type":"post","link":"https:\/\/www.europesays.com\/de\/318209\/","title":{"rendered":"DAS: Chipindustrie will weg vom Erdgas"},"content":{"rendered":"<p>\t\t<a href=\"https:\/\/www.europesays.com\/de\/wp-content\/uploads\/2025\/08\/DAS-Umwelt-Dresden.jpg\"><img fetchpriority=\"high\" decoding=\"async\" aria-describedby=\"caption-attachment-189871\" data-attachment-id=\"189871\" data-permalink=\"https:\/\/oiger.de\/2024\/01\/25\/umwelttechnik-firma-das-dresden-vergroessert-fuehrungsriege\/189869\/das-hilbert\" data-orig-file=\"https:\/\/www.europesays.com\/de\/wp-content\/uploads\/2025\/08\/DAS-Umwelt-Dresden.jpg\" data-orig-size=\"1000,1099\" data-comments-opened=\"0\" data-image-meta=\"{&quot;aperture&quot;:&quot;3.2&quot;,&quot;credit&quot;:&quot;Jan Luther&quot;,&quot;camera&quot;:&quot;NIKON D90&quot;,&quot;caption&quot;:&quot;DAS Dresden: DAS-Chef Horst Reichardt (r.) zeigt Wirtschaftsb\\u00fcrgermeister Dirk Hilbert (FDP) eine f\\u00fcr Taiwans Chipfabriken neuentwickelte Abgasreinigungsanlage f\\u00fcr Nassb\\u00e4nke.&quot;,&quot;created_timestamp&quot;:&quot;0&quot;,&quot;copyright&quot;:&quot;Jan Luther&quot;,&quot;focal_length&quot;:&quot;31&quot;,&quot;iso&quot;:&quot;1600&quot;,&quot;shutter_speed&quot;:&quot;0.003125&quot;,&quot;title&quot;:&quot;DAS Hilbert&quot;,&quot;orientation&quot;:&quot;0&quot;}\" data-image-title=\"DAS Hilbert\" data-image-description=\"&lt;p&gt;Blick in eine Abgas-Reinigungsanlage der Dresdner Firma \u201eDAS Environmental Expert\u201c. Foto: Heiko Weckbrodt&lt;\/p&gt;&#10;\" data-image-caption=\"&lt;p&gt;Blick in eine Abgas-Reinigungsanlage der Dresdner Firma \u201eDAS Environmental Expert\u201c. Foto: Heiko Weckbrodt&lt;\/p&gt;&#10;\" data-medium-file=\"https:\/\/oiger.de\/wp-content\/uploads\/DAS-Umwelt-Dresden-273x300.jpg\" data-large-file=\"https:\/\/oiger.de\/wp-content\/uploads\/DAS-Umwelt-Dresden-546x600.jpg\" class=\"size-full wp-image-189871\" src=\"https:\/\/www.europesays.com\/de\/wp-content\/uploads\/2025\/08\/DAS-Umwelt-Dresden.jpg\" alt=\"Blick in eine Abgas-Reinigungsanlage der Dresdner Firma &quot;DAS Environmental Expert&quot;. Foto: Heiko Weckbrodt\" width=\"1000\" height=\"1099\"  \/><\/a><\/p>\n<p id=\"caption-attachment-189871\" class=\"wp-caption-text\">Blick in eine Abgas-Reinigungsanlage der Dresdner Firma \u201eDAS Environmental Expert\u201c. Foto: Heiko Weckbrodt<\/p>\n<p>\u00d6kotrend in der Mikroelektronik beschert Dresdner Umwelttechnik-Unternehmen neue Auftr\u00e4ge<\/p>\n<p><strong>Dresden<\/strong>, 4. August 2025. Immer mehr Chipfabriken weltweit wollen ihre Prozessabgase und Abw\u00e4sser umweltfreundlicher als bisher s\u00e4ubern und aufbereiten: Weg vom Erdgas und hin zu Reinigungsl\u00f6sungen auf Basis vom Strom, <a href=\"https:\/\/de.wikipedia.org\/wiki\/Plasma_(Physik)\" rel=\"nofollow noopener\" target=\"_blank\">Plasma<\/a> oder Wasserstoff lautet die Devise. Dieser Trend beschert dem Dresdner Umwelttechnologie-Unternehmen \u201eDAS Environmental Experts\u201c neue Auftr\u00e4ge und sorgt f\u00fcr Innovationen. Das hat DAS-Manager Stephan Raithel eingesch\u00e4tzt.<\/p>\n<p>Druck von Kunden, Aktion\u00e4ren und Regierungen auf Halbleiter-Branche<\/p>\n<p>\u201eGro\u00dfe Auftraggeber wie Apple fordern das von ihren Auftragsfertigern\u201c, nennt er einen wichtigen Markttreiber f\u00fcr den Trend weg von fossilen Energietr\u00e4gern in der Hochtechnologie. Zudem setzen Regierungen, Aktion\u00e4re und Staatenb\u00fcnde wie die EU die vielerorts hochsubventionierte Mikroelektronik-Industrie unter Druck, ihren <a href=\"https:\/\/www.forschungsfabrik-mikroelektronik.de\/de\/fokusthemen\/ressourceneffizienz.html\" rel=\"nofollow noopener\" target=\"_blank\">hohen Ressourcenverbrauch<\/a> und die daraus erwachsenden Umweltbelastungen zu z\u00fcgeln.<\/p>\n<p><a href=\"https:\/\/www.europesays.com\/de\/wp-content\/uploads\/2025\/08\/DAS-Reichard.jpg\"><img loading=\"lazy\" decoding=\"async\" aria-describedby=\"caption-attachment-29998\" data-attachment-id=\"29998\" data-permalink=\"https:\/\/oiger.de\/2014\/08\/30\/us-halbleiterkonzerne-ordern-dresdner-umwelttechnik\/29946\/das-reichard\" data-orig-file=\"https:\/\/www.europesays.com\/de\/wp-content\/uploads\/2025\/08\/DAS-Reichard.jpg\" data-orig-size=\"540,405\" data-comments-opened=\"1\" data-image-meta=\"{&quot;aperture&quot;:&quot;0&quot;,&quot;credit&quot;:&quot;&quot;,&quot;camera&quot;:&quot;&quot;,&quot;caption&quot;:&quot;&quot;,&quot;created_timestamp&quot;:&quot;0&quot;,&quot;copyright&quot;:&quot;&quot;,&quot;focal_length&quot;:&quot;0&quot;,&quot;iso&quot;:&quot;0&quot;,&quot;shutter_speed&quot;:&quot;0&quot;,&quot;title&quot;:&quot;&quot;}\" data-image-title=\"DAS-Reichard\" data-image-description=\"&lt;p&gt;DAS-Chef Horst Reichardt. Foto: Heiko Weckbrodt&lt;\/p&gt;&#10;\" data-image-caption=\"&lt;p&gt;DAS-Chef Horst Reichardt. Foto: Heiko Weckbrodt&lt;\/p&gt;&#10;\" data-medium-file=\"https:\/\/oiger.de\/wp-content\/uploads\/DAS-Reichard-300x225.jpg\" data-large-file=\"https:\/\/www.europesays.com\/de\/wp-content\/uploads\/2025\/08\/DAS-Reichard.jpg\" class=\"size-full wp-image-29998\" src=\"https:\/\/www.europesays.com\/de\/wp-content\/uploads\/2025\/08\/DAS-Reichard.jpg\" alt=\"DAS-Chef Horst Reichardt. Foto: Heiko Weckbrodt\" width=\"540\" height=\"405\"  \/><\/a><\/p>\n<p id=\"caption-attachment-29998\" class=\"wp-caption-text\">Dieses Archivfoto zeigt DAS-Gr\u00fcnder Horst Reichardt. Foto: Heiko Weckbrodt<\/p>\n<p>DAS-Gr\u00fcnder Reichardt ging Problem schon zu DDR-Zeiten an<\/p>\n<p>Hintergrund: Halbleiter Fabriken ben\u00f6tigen einerseits viel Strom, Wasser, Erdgas, hochreine Prozessgase und andere Zulieferungen, erzeugen anderseits als Nebeneffekt der Schaltkreis-Produktion viele umweltsch\u00e4dliche, teils auch gifte Gase, m\u00fcssen zudem enorme Mengen Abwasser letztlich wieder aufbereiten. Dass dies ein wachsendes Problem f\u00fcr die gesamte Chipindustrie werden w\u00fcrde, erkannten <a href=\"https:\/\/oiger.de\/2013\/07\/18\/ein-physiker-macht-weltweit-die-chipbuden-sauber\/23335\" rel=\"nofollow noopener\" target=\"_blank\">der Physiker Horst Reichardt<\/a> und seine Kollegen in den Dresdner Mikroelektronik-Betrieben <a href=\"https:\/\/oiger.de\/innovationspolitik-in-der-ddr\" rel=\"nofollow noopener\" target=\"_blank\">ZMD und Elektromat<\/a> bereits in den 1980er Jahren. Bereits zu DDR-Zeiten entwickelten sie Abgas-Reinigungssysteme f\u00fcr Chipfabriken.<\/p>\n<p>Trend geht zu Strom, Plasma und Wasserstoff f\u00fcr die Abgas-Behandlung<\/p>\n<p>Nach der Wende gr\u00fcndete Reichardt auf dieser Basis eine eigene Firma, die damals noch als \u201eD\u00fcnnschicht-Anlagen-Systeme\u201c (DAS) firmierte. \u00dcber die Jahre hinweg wuchs das Unternehmen zu einem renommierten Umwelttechnik-Unternehmen, das Chipfabriken und andere Industrieanlagen in fast jedem Land der Welt mit Abgas- und Abwasserreinigungs-Anlagen beliefert. Die Belegschaft umfasst inzwischen unter der <a href=\"https:\/\/www.das-ee.com\/de\/unternehmen\/management-team\/\" rel=\"nofollow noopener\" target=\"_blank\">F\u00fchrung von Gr\u00fcnder-Sohn Ren\u00e9 Reichardt<\/a> rund 950 Besch\u00e4ftigte an zehn Standorten weltweit. Zuletzt habe sich die Produktion noch einmal verdoppelt, informiert Raithel. Denn l\u00e4ngst geh\u00f6ren auch die ganz Gro\u00dfen der Halbleiterindustrie in Taiwan, den USA, Japan, China und anderswo zu den Kunden der Dresdner.<\/p>\n<p>Und in den Halbleiterfabriken dieser Kunden ist eben ein Wandel im Gange: Die Japaner zum Beispiel nehmen gerade einen milliardenschwer dotierten Anlauf, den verlorenen Status als f\u00fchrende Mikroelektronik-Nation zur\u00fcckzugewinnen \u2013 und setzen in ihren neuen Chipfabriken nun oft auf Wasserstoff statt Erdgas, um giftige oder umweltsch\u00e4dliche Abgase zu verbrennen beziehungsweise in harmlose Verbindungen zu zerlegen. Auch Europa befindet sich in einer hochsubventionierten Aufholjagd, setzt in neuen Chipfabriken aber auch gerne auf strom- und plasmabasierte Abgas-Reiniger als Alternative zum russischen Erdgas. Ein Beispiel daf\u00fcr ist die neue Chip-Fabrik 4 von Infineon in Dresden, die europaweit Ma\u00dfst\u00e4be f\u00fcr eine umweltfreundliche Halbleiterproduktion setzen soll, wenn sie ab 2026 schrittweise hochf\u00e4hrt.<\/p>\n<blockquote><p>\n<a href=\"https:\/\/www.europesays.com\/de\/wp-content\/uploads\/2025\/08\/Stephan-Raithel-SEMI.jpg\"><img loading=\"lazy\" decoding=\"async\" aria-describedby=\"caption-attachment-154599\" data-attachment-id=\"154599\" data-permalink=\"https:\/\/oiger.de\/2015\/07\/20\/semi-chef-europas-mikroelektronik-muss-sich-besser-vernetzen\/154597\/stephan-raithel-semi\" data-orig-file=\"https:\/\/www.europesays.com\/de\/wp-content\/uploads\/2025\/08\/Stephan-Raithel-SEMI.jpg\" data-orig-size=\"902,651\" data-comments-opened=\"0\" data-image-meta=\"{&quot;aperture&quot;:&quot;0&quot;,&quot;credit&quot;:&quot;&quot;,&quot;camera&quot;:&quot;&quot;,&quot;caption&quot;:&quot;&quot;,&quot;created_timestamp&quot;:&quot;0&quot;,&quot;copyright&quot;:&quot;&quot;,&quot;focal_length&quot;:&quot;0&quot;,&quot;iso&quot;:&quot;0&quot;,&quot;shutter_speed&quot;:&quot;0&quot;,&quot;title&quot;:&quot;&quot;,&quot;orientation&quot;:&quot;0&quot;}\" data-image-title=\"Stephan Raithel SEMI\" data-image-description=\"&lt;p&gt;Stephan Raithel, Gesch\u00e4ftsf\u00fchrer des Halbleiter-Branchenverbandes \u201eSEMI Europe\u201c. Foto: SEMI&lt;\/p&gt;&#10;\" data-image-caption=\"&lt;p&gt;Stephan Raithel, Gesch\u00e4ftsf\u00fchrer des Halbleiter-Branchenverbandes \u201eSEMI Europe\u201c. Foto: SEMI&lt;\/p&gt;&#10;\" data-medium-file=\"https:\/\/oiger.de\/wp-content\/uploads\/Stephan-Raithel-SEMI-300x217.jpg\" data-large-file=\"https:\/\/oiger.de\/wp-content\/uploads\/Stephan-Raithel-SEMI-600x433.jpg\" class=\" wp-image-154599\" src=\"https:\/\/www.europesays.com\/de\/wp-content\/uploads\/2025\/08\/Stephan-Raithel-SEMI.jpg\" alt=\"Stephan Raithel, Gesch\u00e4ftsf\u00fchrer des Halbleiter-Branchenverbandes \u201eSEMI Europe&quot;. Foto: SEMI\" width=\"345\" height=\"249\"  \/><\/a><\/p>\n<p id=\"caption-attachment-154599\" class=\"wp-caption-text\">Stephan Raithel. Archivfoto: SEMI<\/p>\n<p><strong>\u201eUnsere Anlagen halten 20 Jahre und l\u00e4nger\u201c<\/strong><br \/>DAS-Manager Stephan Raithel<\/p>\n<\/blockquote>\n<p>Und in vielen F\u00e4llen kommen die \u00d6ko-Reinigungsanlagen eben von der DAS, die mit ihren Innovationen zu den weltweiten Technologief\u00fchrern in diesem Marktsegment geh\u00f6ren. Zudem haben die Aggregate \u201eMade in Saxony\u201c weltweit auch einen guten Ruf f\u00fcr ihre besondere Qualit\u00e4t. \u201eUnsere Anlagen halten 20 Jahre und l\u00e4nger\u201c, betont DAS-Manager Raithel.<\/p>\n<p>Autor: Heiko Weckbrodt<\/p>\n<p>Quellen: Ausk\u00fcnfte Raithel\/DAS, Oiger-Archiv, Wikipedia, Forschungsfabrik Mikroelektronik Deutschland (FMD), Fraunhofer-Gesellschaft<\/p>\n<p><img loading=\"lazy\" decoding=\"async\" width=\"285\" height=\"284\" data-attachment-id=\"80160\" data-permalink=\"https:\/\/oiger.de\/uber-uns\/oiger-001\" data-orig-file=\"https:\/\/www.europesays.com\/de\/wp-content\/uploads\/2025\/04\/Oiger-001.jpg\" data-orig-size=\"285,284\" data-comments-opened=\"0\" data-image-meta=\"{&quot;aperture&quot;:&quot;0&quot;,&quot;credit&quot;:&quot;&quot;,&quot;camera&quot;:&quot;&quot;,&quot;caption&quot;:&quot;&quot;,&quot;created_timestamp&quot;:&quot;0&quot;,&quot;copyright&quot;:&quot;&quot;,&quot;focal_length&quot;:&quot;0&quot;,&quot;iso&quot;:&quot;0&quot;,&quot;shutter_speed&quot;:&quot;0&quot;,&quot;title&quot;:&quot;&quot;,&quot;orientation&quot;:&quot;0&quot;}\" data-image-title=\"Oiger 001\" data-image-description=\"&lt;p&gt;Repro: Oiger, Original: Madeleine Arndt&lt;\/p&gt;&#10;\" data-image-caption=\"&lt;p&gt;Repro: Oiger, Original: Madeleine Arndt&lt;\/p&gt;&#10;\" data-medium-file=\"https:\/\/www.europesays.com\/de\/wp-content\/uploads\/2025\/04\/Oiger-001.jpg\" data-large-file=\"https:\/\/www.europesays.com\/de\/wp-content\/uploads\/2025\/04\/Oiger-001.jpg\" src=\"https:\/\/www.europesays.com\/de\/wp-content\/uploads\/2025\/04\/Oiger-001.jpg\" alt=\"Repro: Oiger, Original: Madeleine Arndt\" class=\"wp-image-80160\" style=\"width:130px;height:auto\"  \/><\/p>\n<p class=\"has-text-color has-link-color has-medium-font-size wp-elements-e7a7d44989b57757e168b6fff7193e32\" style=\"color:#185c84\"><strong>Ihre Unterst\u00fctzung f\u00fcr Oiger.de!<\/strong><\/p>\n<p class=\"has-text-color has-link-color wp-elements-918b69199ff2c1183b359612d6a15f37\" style=\"color:#154966\"><strong>Ohne hinreichende Finanzierung ist unabh\u00e4ngiger Journalismus nach professionellen Ma\u00dfst\u00e4ben nicht dauerhaft m\u00f6glich. Bitte unterst\u00fctzen Sie daher unsere Arbeit! Wenn Sie helfen wollen, Oiger.de aufrecht zu erhalten, senden Sie Ihren Beitrag mit dem Betreff \u201efreiwilliges Honorar\u201c via Paypal an:<\/strong><\/p>\n<p class=\"has-text-color has-link-color has-medium-font-size wp-elements-1d68a8c795acd498910475590afcb004\" style=\"color:#094d71\"><a href=\"http:\/\/paypal.me\/oigerDD\" rel=\"nofollow noopener\" target=\"_blank\"><strong>paypal.me\/oigerDD<\/strong><\/a><\/p>\n<p class=\"has-text-color has-link-color wp-elements-ff79d8b8ab8d3bdb7eb856fa4ab11715\" style=\"color:#104366\"><strong>Vielen Dank!<\/strong><\/p>\n<p>\n\t\u00c4hnliche Beitr\u00e4ge\n<\/p>\n<p>\n\t\u00c4hnliche Beitr\u00e4ge<\/p>\n","protected":false},"excerpt":{"rendered":"Blick in eine Abgas-Reinigungsanlage der Dresdner Firma \u201eDAS Environmental Expert\u201c. Foto: Heiko Weckbrodt \u00d6kotrend in der Mikroelektronik beschert&hellip;\n","protected":false},"author":2,"featured_media":318210,"comment_status":"","ping_status":"","sticky":false,"template":"","format":"standard","meta":{"footnotes":""},"categories":[1835],"tags":[90850,7133,90851,3364,29,2386,30,14509,14108,90852,859,11766],"class_list":{"0":"post-318209","1":"post","2":"type-post","3":"status-publish","4":"format-standard","5":"has-post-thumbnail","7":"category-dresden","8":"tag-abgasreinigung","9":"tag-chipindustrie","10":"tag-das-environmental-experts","11":"tag-de","12":"tag-deutschland","13":"tag-dresden","14":"tag-germany","15":"tag-halbleiter","16":"tag-mikroelektronik","17":"tag-nachhaltige-produktion","18":"tag-sachsen","19":"tag-umwelttechnik"},"share_on_mastodon":{"url":"https:\/\/pubeurope.com\/@de\/114970319147042906","error":""},"_links":{"self":[{"href":"https:\/\/www.europesays.com\/de\/wp-json\/wp\/v2\/posts\/318209","targetHints":{"allow":["GET"]}}],"collection":[{"href":"https:\/\/www.europesays.com\/de\/wp-json\/wp\/v2\/posts"}],"about":[{"href":"https:\/\/www.europesays.com\/de\/wp-json\/wp\/v2\/types\/post"}],"author":[{"embeddable":true,"href":"https:\/\/www.europesays.com\/de\/wp-json\/wp\/v2\/users\/2"}],"replies":[{"embeddable":true,"href":"https:\/\/www.europesays.com\/de\/wp-json\/wp\/v2\/comments?post=318209"}],"version-history":[{"count":0,"href":"https:\/\/www.europesays.com\/de\/wp-json\/wp\/v2\/posts\/318209\/revisions"}],"wp:featuredmedia":[{"embeddable":true,"href":"https:\/\/www.europesays.com\/de\/wp-json\/wp\/v2\/media\/318210"}],"wp:attachment":[{"href":"https:\/\/www.europesays.com\/de\/wp-json\/wp\/v2\/media?parent=318209"}],"wp:term":[{"taxonomy":"category","embeddable":true,"href":"https:\/\/www.europesays.com\/de\/wp-json\/wp\/v2\/categories?post=318209"},{"taxonomy":"post_tag","embeddable":true,"href":"https:\/\/www.europesays.com\/de\/wp-json\/wp\/v2\/tags?post=318209"}],"curies":[{"name":"wp","href":"https:\/\/api.w.org\/{rel}","templated":true}]}}