{"id":318240,"date":"2025-08-04T11:59:12","date_gmt":"2025-08-04T11:59:12","guid":{"rendered":"https:\/\/www.europesays.com\/de\/318240\/"},"modified":"2025-08-04T11:59:12","modified_gmt":"2025-08-04T11:59:12","slug":"videoueberwachung-ueberfuehrt-raeuber-nach-zwei-ueberfaellen","status":"publish","type":"post","link":"https:\/\/www.europesays.com\/de\/318240\/","title":{"rendered":"Video\u00fcberwachung \u00fcberf\u00fchrt R\u00e4uber nach zwei \u00dcberf\u00e4llen"},"content":{"rendered":"<p>Dank Video\u00fcberwachung <\/p>\n<p>Polizei nimmt mutma\u00dflichen R\u00e4uber nach zwei Taten fest<\/p>\n<p>04.08.2025 &#8211; 13:54 UhrLesedauer: 1 Min.<\/p>\n<p><a href=\"#focus-0\" class=\"transition-colors duration-200 focus-within:text-magenta block text-current relative\" data-sctrack=\"FocusGalleryImage.Reference\"><img fetchpriority=\"high\" data-testid=\"Opener.Image\" style=\"--lqipURL:url('https:\/\/images.t-online.de\/2025\/07\/ecb07HBKoVl5\/0x37:710x399\/fit-in\/150x0\/filters:blur(25)\/image.jpg')\"   loading=\"eager\" src=\"https:\/\/www.europesays.com\/de\/wp-content\/uploads\/2025\/08\/1754308752_964_image.jpg\" alt=\"Zwei Gesch\u00e4fte \u00fcberfiel ein 31-J\u00e4hriger am Samstag in K\u00f6ln: Aufnahmen privater Videokameras \u00fcberf\u00fchrten ihn.\" title=\"Zwei Gesch\u00e4fte \u00fcberfiel ein 31-J\u00e4hriger am Samstag in K\u00f6ln: Aufnahmen privater Videokameras \u00fcberf\u00fchrten ihn.\" width=\"710\" height=\"399\" class=\"bg-[url:var(--lqipURL)] bg-cover bg-center flex h-full w-full max-w-full\" decoding=\"async\"\/><img style=\"--width:32;--height:32\" loading=\"lazy\" src=\"https:\/\/www.t-online.de\/s\/paper\/_next\/static\/media\/zoom-in.f7dae02f.svg\" alt=\"Vergr\u00f6\u00dfern des Bildes\" title=\"Vergr\u00f6\u00dfern des Bildes\" class=\"block h-[calc(var(--height)_\/_16_*_1rem)] w-[calc(var(--width)_\/_16_*_1rem)] max-w-none absolute bottom-8 right-8 rounded-4 bg-snow p-8\" decoding=\"async\"\/><\/a><\/p>\n<p>Zwei Gesch\u00e4fte \u00fcberfiel ein 31-J\u00e4hriger am Samstag in K\u00f6ln: Aufnahmen privater Videokameras \u00fcberf\u00fchrten ihn. (Quelle: Bundespolizei)<\/p>\n<p class=\"font-bold text-18 leading-17\">Ein 31-J\u00e4hriger soll in K\u00f6ln-M\u00fclheim zwei Gesch\u00e4fte innerhalb weniger Minuten \u00fcberfallen haben. Dank privater Videoaufnahmen konnten Einsatzkr\u00e4fte den Mann schnell festnehmen.<\/p>\n<p class=\"text-18 leading-17\">In K\u00f6ln-M\u00fclheim hat ein 31-j\u00e4hriger Tatverd\u00e4chtiger am Samstagvormittag (2. August) zwei Gesch\u00e4fte nacheinander \u00fcberfallen. Nach Angaben der Polizei bedrohte er zun\u00e4chst gegen 11 Uhr einen 34-j\u00e4hrigen Angestellten eines Elektronikgesch\u00e4fts auf der Frankfurter Stra\u00dfe und forderte die Herausgabe der Tageseinnahmen. Als dieser nicht nachgab und die Polizei alarmierte, verlie\u00df der Mann das Gesch\u00e4ft.<\/p>\n<p class=\"text-18 leading-17\">Unmittelbar danach soll er in einem nahegelegenen Haushaltswarenladen Bargeld verlangt haben. Dort bedrohte er den 37-j\u00e4hrigen Inhaber, musste aber erneut ohne Beute fliehen. Der Mann lief anschlie\u00dfend in Richtung Wiener Platz davon.<\/p>\n<p class=\"text-18 leading-17\">Private Videokameras zeichneten die beiden \u00dcberf\u00e4lle auf. Mit Hilfe dieser Aufnahmen erkannte eine Streifenbesatzung den 31-J\u00e4hrigen kurz darauf wieder und nahm ihn vorl\u00e4ufig fest. Ein Richter ordnete am Sonntag (3. August) Untersuchungshaft an. Nach Polizeiangaben ist der Mann einschl\u00e4gig vorbestraft.<\/p>\n","protected":false},"excerpt":{"rendered":"Dank Video\u00fcberwachung Polizei nimmt mutma\u00dflichen R\u00e4uber nach zwei Taten fest 04.08.2025 &#8211; 13:54 UhrLesedauer: 1 Min. Zwei Gesch\u00e4fte&hellip;\n","protected":false},"author":2,"featured_media":318241,"comment_status":"","ping_status":"","sticky":false,"template":"","format":"standard","meta":{"footnotes":""},"categories":[1828],"tags":[722,29,2540,30159,30,1420,2025,1209,121,13125,25562],"class_list":{"0":"post-318240","1":"post","2":"type-post","3":"status-publish","4":"format-standard","5":"has-post-thumbnail","7":"category-koeln","8":"tag-722","9":"tag-deutschland","10":"tag-einsatzkraft","11":"tag-frankfurter-strasse","12":"tag-germany","13":"tag-koeln","14":"tag-koeln-muelheim","15":"tag-nordrhein-westfalen","16":"tag-polizei","17":"tag-videoaufnahme","18":"tag-videoueberwachung"},"share_on_mastodon":{"url":"https:\/\/pubeurope.com\/@de\/114970388654583245","error":""},"_links":{"self":[{"href":"https:\/\/www.europesays.com\/de\/wp-json\/wp\/v2\/posts\/318240","targetHints":{"allow":["GET"]}}],"collection":[{"href":"https:\/\/www.europesays.com\/de\/wp-json\/wp\/v2\/posts"}],"about":[{"href":"https:\/\/www.europesays.com\/de\/wp-json\/wp\/v2\/types\/post"}],"author":[{"embeddable":true,"href":"https:\/\/www.europesays.com\/de\/wp-json\/wp\/v2\/users\/2"}],"replies":[{"embeddable":true,"href":"https:\/\/www.europesays.com\/de\/wp-json\/wp\/v2\/comments?post=318240"}],"version-history":[{"count":0,"href":"https:\/\/www.europesays.com\/de\/wp-json\/wp\/v2\/posts\/318240\/revisions"}],"wp:featuredmedia":[{"embeddable":true,"href":"https:\/\/www.europesays.com\/de\/wp-json\/wp\/v2\/media\/318241"}],"wp:attachment":[{"href":"https:\/\/www.europesays.com\/de\/wp-json\/wp\/v2\/media?parent=318240"}],"wp:term":[{"taxonomy":"category","embeddable":true,"href":"https:\/\/www.europesays.com\/de\/wp-json\/wp\/v2\/categories?post=318240"},{"taxonomy":"post_tag","embeddable":true,"href":"https:\/\/www.europesays.com\/de\/wp-json\/wp\/v2\/tags?post=318240"}],"curies":[{"name":"wp","href":"https:\/\/api.w.org\/{rel}","templated":true}]}}