{"id":318245,"date":"2025-08-04T12:02:20","date_gmt":"2025-08-04T12:02:20","guid":{"rendered":"https:\/\/www.europesays.com\/de\/318245\/"},"modified":"2025-08-04T12:02:20","modified_gmt":"2025-08-04T12:02:20","slug":"pol-hh-250804-1-zeugenaufruf-nach-ueberfall-auf-kiosk-in-hamburg-heimfeld","status":"publish","type":"post","link":"https:\/\/www.europesays.com\/de\/318245\/","title":{"rendered":"POL-HH: 250804-1. Zeugenaufruf nach \u00dcberfall auf Kiosk in Hamburg-Heimfeld"},"content":{"rendered":"<p class=\"date\">04.08.2025 \u2013 13:20<\/p>\n<p class=\"customer\">\n                        <a class=\"story-customer\" title=\"weiter zum newsroom von Polizei Hamburg\" href=\"https:\/\/www.presseportal.de\/blaulicht\/nr\/6337\" target=\"_blank\" rel=\"noopener\">Polizei Hamburg<\/a>\n                    <\/p>\n<p><a data-category=\"citylink-story-view\" data-action=\"click\" data-label=\"Citylink in Meldungsansicht\" class=\"story-city event-trigger\" href=\"https:\/\/www.presseportal.de\/regional\/Hamburg\" title=\"News aus Hamburg \" target=\"_blank\" rel=\"noopener\">Hamburg<\/a> (ots)<\/p>\n<p>Tatzeit: 03.08.2025, 01:05 Uhr<\/p>\n<p>Tatort: Hamburg-Heimfeld, Heimfelder Stra\u00dfe<\/p>\n<p>In der Nacht zu Sonntag hat ein noch Unbekannter einen Heimfelder Kiosk \u00fcberfallen und ist anschlie\u00dfend mit seiner Beute gefl\u00fcchtet. Die Polizei sucht Zeuginnen und Zeugen.<\/p>\n<p>Den bisherigen Erkenntnissen der Kriminalpolizei zufolge betrat der maskierte Unbekannte kurz nach Gesch\u00e4ftsschluss den Kiosk und bedrohte den 32-j\u00e4hrigen Inhaber mit einer Schusswaffe. Da dieser der Forderung nach Herausgabe der Einnahmen nicht nachgekommen war, soll der T\u00e4ter das Bargeld an sich genommen haben und damit in Richtung der Stra\u00dfe Kiefernberg gefl\u00fcchtet sein.<\/p>\n<p>Umgehend eingeleitete Fahndungsma\u00dfnahmen mit mehreren Funkstreifenwagen f\u00fchrten nicht zur Feststellung eines Tatverd\u00e4chtigen, der wie folgt beschrieben wird:<\/p>\n<p>   &#8211; circa 180 cm gro\u00df<br \/>\n   &#8211; korpulent<br \/>\n   &#8211; schwarzer Haaransatz (m\u00f6glicherweise eine Per\u00fccke)<br \/>\n   &#8211; bekleidet mit einer schwarzen Jogginghose, einer schwarzen Jacke<br \/>\n     und wei\u00dfen Sneakern mit drei schwarzen Streifen<\/p>\n<p>Das Harburger Raubdezernat (LKA 184) f\u00fchrt die Ermittlungen.<\/p>\n<p>Zeuginnen und Zeugen, die in diesem Zusammenhang verd\u00e4chtige Beobachtungen gemacht haben und\/oder anderweitig Hinweise geben k\u00f6nnen, werden gebeten, sich unter der Telefonnummer 040 4286-56789 beim Hinweistelefon der Polizei Hamburg oder bei einer Polizeidienststelle zu melden.<\/p>\n<p>Zim.<\/p>\n<p class=\"contact-headline\">R\u00fcckfragen der Medien bitte an:<\/p>\n<p class=\"contact-text\">Polizei Hamburg<br \/>Presse- und \u00d6ffentlichkeitsarbeit<br \/>S\u00f6ren Zimbal<br \/>Telefon: +49 40 4286-56214<br \/>E-Mail: <a href=\"https:\/\/www.presseportal.de\/blaulicht\/pm\/6337\/mailto: polizeipressestelle@polizei.hamburg.de\" class=\"uri-mailto\" target=\"_blank\" rel=\"noopener\"> polizeipressestelle@polizei.hamburg.de<\/a><br \/><a target=\"_blank\" class=\"uri-ext outbound\" rel=\"noopener\" href=\"https:\/\/www.polizei.hamburg\">www.polizei.hamburg<\/a><\/p>\n<p class=\"originator\">Original-Content von: Polizei Hamburg, \u00fcbermittelt durch news aktuell<\/p>\n","protected":false},"excerpt":{"rendered":"04.08.2025 \u2013 13:20 Polizei Hamburg Hamburg (ots) Tatzeit: 03.08.2025, 01:05 Uhr Tatort: Hamburg-Heimfeld, Heimfelder Stra\u00dfe In der Nacht&hellip;\n","protected":false},"author":2,"featured_media":108,"comment_status":"","ping_status":"","sticky":false,"template":"","format":"standard","meta":{"footnotes":""},"categories":[1826],"tags":[29,30,692,691,177,121,178,180,179,181],"class_list":{"0":"post-318245","1":"post","2":"type-post","3":"status-publish","4":"format-standard","5":"has-post-thumbnail","7":"category-hamburg","8":"tag-deutschland","9":"tag-germany","10":"tag-hamburg","11":"tag-hh","12":"tag-kriminalitt","13":"tag-polizei","14":"tag-presse","15":"tag-pressemeldung","16":"tag-pressemitteilung","17":"tag-pressemitteilungen"},"share_on_mastodon":{"url":"https:\/\/pubeurope.com\/@de\/114970397547298259","error":""},"_links":{"self":[{"href":"https:\/\/www.europesays.com\/de\/wp-json\/wp\/v2\/posts\/318245","targetHints":{"allow":["GET"]}}],"collection":[{"href":"https:\/\/www.europesays.com\/de\/wp-json\/wp\/v2\/posts"}],"about":[{"href":"https:\/\/www.europesays.com\/de\/wp-json\/wp\/v2\/types\/post"}],"author":[{"embeddable":true,"href":"https:\/\/www.europesays.com\/de\/wp-json\/wp\/v2\/users\/2"}],"replies":[{"embeddable":true,"href":"https:\/\/www.europesays.com\/de\/wp-json\/wp\/v2\/comments?post=318245"}],"version-history":[{"count":0,"href":"https:\/\/www.europesays.com\/de\/wp-json\/wp\/v2\/posts\/318245\/revisions"}],"wp:featuredmedia":[{"embeddable":true,"href":"https:\/\/www.europesays.com\/de\/wp-json\/wp\/v2\/media\/108"}],"wp:attachment":[{"href":"https:\/\/www.europesays.com\/de\/wp-json\/wp\/v2\/media?parent=318245"}],"wp:term":[{"taxonomy":"category","embeddable":true,"href":"https:\/\/www.europesays.com\/de\/wp-json\/wp\/v2\/categories?post=318245"},{"taxonomy":"post_tag","embeddable":true,"href":"https:\/\/www.europesays.com\/de\/wp-json\/wp\/v2\/tags?post=318245"}],"curies":[{"name":"wp","href":"https:\/\/api.w.org\/{rel}","templated":true}]}}