{"id":318250,"date":"2025-08-04T12:05:17","date_gmt":"2025-08-04T12:05:17","guid":{"rendered":"https:\/\/www.europesays.com\/de\/318250\/"},"modified":"2025-08-04T12:05:17","modified_gmt":"2025-08-04T12:05:17","slug":"berlin-deutsche-verbringen-im-schnitt-10-stunden-am-tag-mit-sitzen","status":"publish","type":"post","link":"https:\/\/www.europesays.com\/de\/318250\/","title":{"rendered":"Berlin | Deutsche verbringen im Schnitt 10 Stunden am Tag mit Sitzen"},"content":{"rendered":"<p>Berlin (dpa) &#8211; Mehr als zehn Stunden an einem Werktag &#8211; so viel Zeit verbringen Menschen in Deutschland einer neuen Umfrage zufolge durchschnittlich im Sitzen. Das ist ein neuer H\u00f6chststand, wie Ergebnisse eines Reports der Deutschen Krankenversicherung (DKV) zeigen. Auf der Arbeit sitzen die Befragten den Angaben nach im Durchschnitt 3,5 Stunden, weitere 2,5 Stunden verbringen sie vor dem Fernseher. Auf Wegzeiten mit Bahn, Auto oder anderen Verkehrsmitteln entfallen pro Tag 80 Minuten, auf die Zeit am Computer oder Tablet 1,5 Stunden. In der \u00fcbrigen Freizeit verbringen die Menschen im Mittel weitere 82 Minuten im Sitzen.<\/p>\n<p>Ungef\u00e4hr eine Stunde Bewegung am Tag sei ein guter Richtwert, um lange Sitzzeiten von mehr als acht Stunden auszugleichen, hei\u00dft es in dem Report. Doch nur knapp jeder Dritte Vielsitzer (30 Prozent) gleiche das lange Sitzen durch eine Stunde oder mehr Bewegung am Tag aus.<\/p>\n<p>Der Report ist in Zusammenarbeit mit der Deutschen Sporthochschule K\u00f6ln und der Julius-Maximilians-Universit\u00e4t W\u00fcrzburg entstanden. Insgesamt wurden rund 2.800 Menschen ab einem Alter von 18 Jahren in ganz Deutschland befragt. Die Befragungen wurden im Februar und M\u00e4rz 2025 durchgef\u00fchrt.<\/p>\n","protected":false},"excerpt":{"rendered":"Berlin (dpa) &#8211; Mehr als zehn Stunden an einem Werktag &#8211; so viel Zeit verbringen Menschen in Deutschland&hellip;\n","protected":false},"author":2,"featured_media":318251,"comment_status":"","ping_status":"","sticky":false,"template":"","format":"standard","meta":{"footnotes":""},"categories":[1825],"tags":[1941,1939,296,1937,29,30,141,1940,1938,5019,193],"class_list":{"0":"post-318250","1":"post","2":"type-post","3":"status-publish","4":"format-standard","5":"has-post-thumbnail","7":"category-berlin","8":"tag-aktuelle-nachrichten-aus-berlin","9":"tag-aktuelle-news-aus-berlin","10":"tag-berlin","11":"tag-berlin-news","12":"tag-deutschland","13":"tag-germany","14":"tag-gesundheit","15":"tag-nachrichten-aus-berlin","16":"tag-news-aus-berlin","17":"tag-versicherung","18":"tag-wissenschaft"},"share_on_mastodon":{"url":"https:\/\/pubeurope.com\/@de\/114970409279768854","error":""},"_links":{"self":[{"href":"https:\/\/www.europesays.com\/de\/wp-json\/wp\/v2\/posts\/318250","targetHints":{"allow":["GET"]}}],"collection":[{"href":"https:\/\/www.europesays.com\/de\/wp-json\/wp\/v2\/posts"}],"about":[{"href":"https:\/\/www.europesays.com\/de\/wp-json\/wp\/v2\/types\/post"}],"author":[{"embeddable":true,"href":"https:\/\/www.europesays.com\/de\/wp-json\/wp\/v2\/users\/2"}],"replies":[{"embeddable":true,"href":"https:\/\/www.europesays.com\/de\/wp-json\/wp\/v2\/comments?post=318250"}],"version-history":[{"count":0,"href":"https:\/\/www.europesays.com\/de\/wp-json\/wp\/v2\/posts\/318250\/revisions"}],"wp:featuredmedia":[{"embeddable":true,"href":"https:\/\/www.europesays.com\/de\/wp-json\/wp\/v2\/media\/318251"}],"wp:attachment":[{"href":"https:\/\/www.europesays.com\/de\/wp-json\/wp\/v2\/media?parent=318250"}],"wp:term":[{"taxonomy":"category","embeddable":true,"href":"https:\/\/www.europesays.com\/de\/wp-json\/wp\/v2\/categories?post=318250"},{"taxonomy":"post_tag","embeddable":true,"href":"https:\/\/www.europesays.com\/de\/wp-json\/wp\/v2\/tags?post=318250"}],"curies":[{"name":"wp","href":"https:\/\/api.w.org\/{rel}","templated":true}]}}