{"id":318297,"date":"2025-08-04T12:29:14","date_gmt":"2025-08-04T12:29:14","guid":{"rendered":"https:\/\/www.europesays.com\/de\/318297\/"},"modified":"2025-08-04T12:29:14","modified_gmt":"2025-08-04T12:29:14","slug":"gladbachs-florian-neuhaus-meldet-sich-nach-mallorca-eklat-zurueck","status":"publish","type":"post","link":"https:\/\/www.europesays.com\/de\/318297\/","title":{"rendered":"Gladbachs Florian Neuhaus meldet sich nach Mallorca-Eklat zur\u00fcck"},"content":{"rendered":"<ol class=\"id-DonaldBreadcrumb lp_west_breadcrumb id-DonaldBreadcrumb--default\" data-k5a-pos=\"west_breadcrumb\">\n<li class=\"id-Breadcrumb-item\"><a href=\"https:\/\/www.fr.de\/\" class=\"id-Breadcrumb-link\" data-id-ec=\"{\" shn=\"\" textlink=\"\" data-k5a-pos=\"1_startseite\" rel=\"nofollow noopener\" target=\"_blank\">Startseite<\/a><\/li>\n<li class=\"id-Breadcrumb-item\"><a href=\"https:\/\/www.fr.de\/sport\/\" class=\"id-Breadcrumb-link\" data-id-ec=\"{\" shn=\"\" textlink=\"\" data-k5a-pos=\"2_sport\" rel=\"nofollow noopener\" target=\"_blank\">Sport<\/a><\/li>\n<li class=\"id-Breadcrumb-item\"><a href=\"https:\/\/www.fr.de\/sport\/fussball\/\" class=\"id-Breadcrumb-link\" data-id-ec=\"{\" shn=\"\" textlink=\"\" data-k5a-pos=\"3_fussball\" rel=\"nofollow noopener\" target=\"_blank\">Fu\u00dfball<\/a><\/li>\n<\/ol>\n<p class=\"id-Story-timestamp id-Story-timestamp--default\">Stand: 04.08.2025, 14:20 Uhr<\/p>\n<p class=\"id-Story-authors id-Story-authors--default\">Von: <a class=\"id-Story-authors-link lp_west_author\" href=\"https:\/\/www.fr.de\/autor\/niklas-kirk-i0orto64.html\" title=\"Zur Autorenseite von Niklas Kirk\" data-id-ec=\"{\" shn=\"\" author-link=\"\" kirk=\"\" data-k5a-pos=\"west_author\" rel=\"nofollow noopener\" target=\"_blank\">Niklas Kirk<\/a><\/p>\n<p class=\"id-Story-interactionBar id-Story-interactionBar--default\">DruckenTeilen<\/p>\n<p class=\"id-StoryElement-leadText\">Florian Neuhaus ist nach dem verh\u00e4ngnisvollen Mallorca-Video zur\u00fcck auf dem Trainingsplatz. Ist damit ein Wechsel aus Gladbach vom Tisch?<\/p>\n<p class=\"id-StoryElement-paragraph\">M\u00f6nchengladbach \u2013 Florian Neuhaus bestimmte unfreiwillig das Sommerloch bei <a href=\"https:\/\/www.absolutfussball.com\/deutschland\/borussia-moenchengladbach\/\" target=\"_blank\" class=\"id-import-Link id-pageApi-Link--externalDomain\" data-id-ec=\"{&quot;sht&quot;:&quot;Container&quot;,&quot;shn&quot;:&quot;Story&quot;,&quot;p&quot;:{&quot;containerType&quot;:&quot;Paragraph&quot;,&quot;displayType&quot;:&quot;Paragraph InlineLink&quot;,&quot;type&quot;:&quot;INLINE_LINK&quot;,&quot;value&quot;:&quot;Borussia M&#xF6;nchengladbach&quot;,&quot;variant&quot;:&quot;standardLink&quot;,&quot;sponsored&quot;:false,&quot;linkHref&quot;:&quot;https:\/\/www.absolutfussball.com\/deutschland\/borussia-moenchengladbach\/&quot;,&quot;storyElementPosition&quot;:8,&quot;storyElementCount&quot;:20}}\" rel=\"nofollow noopener\">Borussia M\u00f6nchengladbach<\/a>. Mit seinem skandalumwobenen Video, das w\u00e4hrend seines Party-Aufenthalts auf Mallorca entstand, <a href=\"https:\/\/www.homeofsports.de\/fussball\/national\/florian-neuhaus-skandal-video-mallorca-borussia-moenchengladbach-rauswurf-suspendierung-u23-training-hohe-geldstrafe-roland-virkus-kritik-93816451.html\" class=\"id-import-Link id-pageApi-Link--externalDomain\" data-id-ec=\"{&quot;sht&quot;:&quot;Container&quot;,&quot;shn&quot;:&quot;Story&quot;,&quot;p&quot;:{&quot;containerType&quot;:&quot;Paragraph&quot;,&quot;displayType&quot;:&quot;Paragraph InlineLink&quot;,&quot;type&quot;:&quot;INLINE_LINK&quot;,&quot;value&quot;:&quot;schoss sich der 28-J&#xE4;hrige kurzzeitig ins Abseits&quot;,&quot;variant&quot;:&quot;standardLink&quot;,&quot;sponsored&quot;:false,&quot;linkHref&quot;:&quot;https:\/\/www.homeofsports.de\/fussball\/national\/florian-neuhaus-skandal-video-mallorca-borussia-moenchengladbach-rauswurf-suspendierung-u23-training-hohe-geldstrafe-roland-virkus-kritik-93816451.html&quot;,&quot;storyElementPosition&quot;:8,&quot;storyElementCount&quot;:20}}\" rel=\"nofollow noopener\" target=\"_blank\">schoss sich der 28-J\u00e4hrige kurzzeitig ins Abseits<\/a>. Nun ist er zur\u00fcck im Training \u2013 und erkl\u00e4rt sich zu seinem Fauxpas.<\/p>\n<p><img decoding=\"async\" class=\"id-RatioPlaceholder-element wv_story_el_image\" src=\"https:\/\/www.europesays.com\/de\/wp-content\/uploads\/2025\/08\/39199390-florian-neuhaus-bei-einer-trainingseinheit-mit-der-u23-NIBG.jpg\" loading=\"lazy\"   height=\"733\" width=\"1100\" alt=\"Florian Neuhaus bei einer Trainingseinheit mit der U23.\"\/>Florian Neuhaus bei einer Trainingseinheit mit der U23. \u00a9\u00a0IMAGO\/Norbert Jansen \/ fohlenfoto<\/p>\n<p class=\"id-StoryElement-paragraph\">\u201eIch m\u00f6chte die R\u00fcckkehr zu meiner Mannschaft zum Anlass nehmen, mich noch einmal bei der Vereinsf\u00fchrung und bei Borussias Fans f\u00fcr mein Verhalten zu entschuldigen, insbesondere bei Roland Virkus\u201c, so der reum\u00fctige Profi. Sport-Gesch\u00e4ftsf\u00fchrer Virkus erhielt durch die Aufzeichnungen den sp\u00f6ttischen Spitznamen \u201eDon Rollo\u201c. <\/p>\n<p>Florian Neuhaus nach Mallorca-Eklat zur\u00fcck beim Profi-Team<\/p>\n<p class=\"id-StoryElement-paragraph\">\u201eWir haben seit vielen Jahren ein pers\u00f6nliches und professionelles Verh\u00e4ltnis, das von Wertsch\u00e4tzung, Respekt und Vertrauen gepr\u00e4gt ist. Ich werde alles daf\u00fcr tun, dieses gegenseitige Vertrauen wieder aufzubauen. Borussia M\u00f6nchengladbach ist und bleibt mein Herzensverein\u201c, so Neuhaus weiter, der auf der offiziellen Seite des Vereins zitiert wird.<\/p>\n<p class=\"id-StoryElement-paragraph\">Zu seiner Begnadigung sprach er sogleich Dankesworte: \u201eIch freue mich, dass ich ab dieser Woche wieder mit meiner Mannschaft trainieren kann und bedanke mich bei den Spielern und Trainern unserer U23 daf\u00fcr, wie ich in den vergangenen vier Wochen dort aufgenommen wurde.\u201c \u00dcber seine R\u00fcckkehr zur Lizenzmannschaft hatte Borussias Gesch\u00e4ftsf\u00fchrung mit der sportlichen Leitung in der vergangenen Woche nach Gespr\u00e4chen mit Neuhaus entschieden.<\/p>\n<p>Diese deutschen Nationalspieler feierten ihr Deb\u00fct unter Julian Nagelsmann<img decoding=\"async\" class=\"id-RatioPlaceholder-element wv_story_el_interstitialImage\" src=\"https:\/\/www.europesays.com\/de\/wp-content\/uploads\/2025\/05\/1748059218_72_38309936-wer-durfte-erstmals-fuer-deutschland-ran-und-wer-spielte-sich-fest-alle-debuetanten-unter-b.jpeg\" loading=\"lazy\"   height=\"222\" width=\"610\" alt=\"Wer durfte erstmals f&#xFC;r Deutschland ran &#x2013; und wer spielte sich fest? Alle Deb&#xFC;tanten unter Bundestrainer Nagelsmann im &#xDC;berblick.\"\/><a href=\"https:\/\/www.fr.de\/sport\/fussball\/einsatz-debuet-unter-nagelsmann-diese-spieler-feierten-ihren-ersten-zr-93744626.html\" class=\"id-StoryElement-intestitialLink-link\" data-id-ec=\"{\" shn=\"\" ansehen=\"\" data-k5a-pos=\"west_story_16_photoGalleryLink\" title=\"Zur Fotostrecke: Diese deutschen Nationalspieler feierten ihr Deb&#xFC;t unter Julian Nagelsmann\" rel=\"nofollow noopener\" target=\"_blank\">Fotostrecke ansehen<\/a><\/p>\n<p class=\"id-StoryElement-paragraph\">Virkus begr\u00fcndet die Entscheidung wie folgt: \u201eFlo hat sich vor vier Wochen in einem internen Gespr\u00e4ch schon entschuldigt \u2013 dass er dies nun auch \u00f6ffentlich macht, erkennen wir an\u201c. Weiter zeigten seine Worte Offenheit f\u00fcr einen gemeinsamen Weg in die Zukunft: \u201eF\u00fcr uns ist die Geschichte damit abgehakt, und wir erwarten von Flo, dass er sich jetzt mit all seinen Qualit\u00e4ten im Training anbietet und seinen Teil dazu beitr\u00e4gt, dass wir unsere Ziele erreichen.\u201c<\/p>\n<p class=\"id-StoryElement-paragraph\">Ist <a href=\"https:\/\/www.fr.de\/sport\/fussball\/ausweg-gladbach-erster-klub-denkt-ueber-neuhaus-transfer-nach-zr-93866241.html\" class=\"id-import-Link\" data-id-ec=\"{&quot;sht&quot;:&quot;Container&quot;,&quot;shn&quot;:&quot;Story&quot;,&quot;p&quot;:{&quot;containerType&quot;:&quot;Paragraph&quot;,&quot;displayType&quot;:&quot;Paragraph InlineLink&quot;,&quot;type&quot;:&quot;INLINE_LINK&quot;,&quot;value&quot;:&quot;ein Abgang von der Borussia&quot;,&quot;variant&quot;:&quot;standardLink&quot;,&quot;sponsored&quot;:false,&quot;linkHref&quot;:&quot;https:\/\/www.fr.de\/sport\/fussball\/ausweg-gladbach-erster-klub-denkt-ueber-neuhaus-transfer-nach-zr-93866241.html&quot;,&quot;storyElementPosition&quot;:20,&quot;storyElementCount&quot;:20}}\" rel=\"nofollow noopener\" target=\"_blank\">ein Abgang von der Borussia<\/a> damit vom Tisch? Zuletzt machten Ger\u00fcchte um eine R\u00fcckkehr von Neuhaus zu Fortuna D\u00fcsseldorf die Runde \u2013 befeuert durch Aussagen von Fortunas Sportvorstand Klaus Allofs. Gegen\u00fcber der Rheinischen Post sagte er: \u201eSolange seinerseits oder vonseiten der Gladbacher keine endg\u00fcltige Entscheidung getroffen ist, werden wir dieses Thema als w\u00fcnschenswerte L\u00f6sung im Hinterkopf haben.\u201c Die kommenden Vorbereitungswochen d\u00fcrften Klarheit in die Sache bringen. (nki)<\/p>\n","protected":false},"excerpt":{"rendered":"Startseite Sport Fu\u00dfball Stand: 04.08.2025, 14:20 Uhr Von: Niklas Kirk DruckenTeilen Florian Neuhaus ist nach dem verh\u00e4ngnisvollen Mallorca-Video&hellip;\n","protected":false},"author":2,"featured_media":318298,"comment_status":"","ping_status":"","sticky":false,"template":"","format":"standard","meta":{"footnotes":""},"categories":[1849],"tags":[3364,29,548,663,3934,30,13,4455,14,15,1209,12],"class_list":{"0":"post-318297","1":"post","2":"type-post","3":"status-publish","4":"format-standard","5":"has-post-thumbnail","7":"category-moenchengladbach","8":"tag-de","9":"tag-deutschland","10":"tag-eu","11":"tag-europa","12":"tag-europe","13":"tag-germany","14":"tag-headlines","15":"tag-moenchengladbach","16":"tag-nachrichten","17":"tag-news","18":"tag-nordrhein-westfalen","19":"tag-schlagzeilen"},"share_on_mastodon":{"url":"https:\/\/pubeurope.com\/@de\/114970503721812417","error":""},"_links":{"self":[{"href":"https:\/\/www.europesays.com\/de\/wp-json\/wp\/v2\/posts\/318297","targetHints":{"allow":["GET"]}}],"collection":[{"href":"https:\/\/www.europesays.com\/de\/wp-json\/wp\/v2\/posts"}],"about":[{"href":"https:\/\/www.europesays.com\/de\/wp-json\/wp\/v2\/types\/post"}],"author":[{"embeddable":true,"href":"https:\/\/www.europesays.com\/de\/wp-json\/wp\/v2\/users\/2"}],"replies":[{"embeddable":true,"href":"https:\/\/www.europesays.com\/de\/wp-json\/wp\/v2\/comments?post=318297"}],"version-history":[{"count":0,"href":"https:\/\/www.europesays.com\/de\/wp-json\/wp\/v2\/posts\/318297\/revisions"}],"wp:featuredmedia":[{"embeddable":true,"href":"https:\/\/www.europesays.com\/de\/wp-json\/wp\/v2\/media\/318298"}],"wp:attachment":[{"href":"https:\/\/www.europesays.com\/de\/wp-json\/wp\/v2\/media?parent=318297"}],"wp:term":[{"taxonomy":"category","embeddable":true,"href":"https:\/\/www.europesays.com\/de\/wp-json\/wp\/v2\/categories?post=318297"},{"taxonomy":"post_tag","embeddable":true,"href":"https:\/\/www.europesays.com\/de\/wp-json\/wp\/v2\/tags?post=318297"}],"curies":[{"name":"wp","href":"https:\/\/api.w.org\/{rel}","templated":true}]}}