{"id":318352,"date":"2025-08-04T12:59:09","date_gmt":"2025-08-04T12:59:09","guid":{"rendered":"https:\/\/www.europesays.com\/de\/318352\/"},"modified":"2025-08-04T12:59:09","modified_gmt":"2025-08-04T12:59:09","slug":"skelette-kommen-in-museum-in-nuernberg-getoetete-paviane-an-raubtiere-verfuettert","status":"publish","type":"post","link":"https:\/\/www.europesays.com\/de\/318352\/","title":{"rendered":"Skelette kommen in Museum: In N\u00fcrnberg get\u00f6tete Paviane an Raubtiere verf\u00fcttert"},"content":{"rendered":"<p>                    Skelette kommen in Museum<br \/>\n                In N\u00fcrnberg get\u00f6tete Paviane an Raubtiere verf\u00fcttert<\/p>\n<p>\t\t\t\t              04.08.2025, 14:09 Uhr<\/p>\n<p>\t\t\t\t\t       Artikel anh\u00f6ren<\/p>\n<p>\t\t\t\t\t\t\tDiese Audioversion wurde k\u00fcnstlich generiert. <a href=\"https:\/\/www.n-tv.de\/23249898\" target=\"_blank\" rel=\"noopener\">Mehr Infos<\/a><\/p>\n<p><strong>Weil das Gehege zu klein ist und \u00fcberz\u00e4hlige Tiere nicht vermittelt werden k\u00f6nnen, t\u00f6tet der N\u00fcrnberger Tiergarten zw\u00f6lf Paviane. Der Protest ist immens. Die Tiere werden dennoch zum Teil erschossen und nun an Raubtiere verf\u00fcttert. Zoo-Vize Beckmann argumentiert mit dem Wohl der Karnivoren.<\/strong><\/p>\n<p>Die vom N\u00fcrnberger Tiergarten get\u00f6teten Paviane sind an Raubtiere des Zoos verf\u00fcttert worden. Dass den Tieren davor der Kopf sowie H\u00e4nde und F\u00fc\u00dfe abgetrennt wurden, stie\u00df bei Besuchern teilweise auf Kritik. Der stellvertretende Leiter des Tiergartens, J\u00f6rg Beckmann, teilte mit, dass den Tieren der Kopf abgesetzt worden sei, um die Sch\u00e4del und Gehirne f\u00fcr wissenschaftliche Zwecke zu nutzen. Die H\u00e4nde und F\u00fc\u00dfe der Paviane habe man aus Respekt gegen\u00fcber den Besucherinnen und Besuchern abgesetzt.<\/p>\n<p>Sechs der zw\u00f6lf aus Platzgr\u00fcnden get\u00f6teten Paviane seien an L\u00f6wen, Tiger, M\u00e4hnenw\u00f6lfe und Buntmarder verf\u00fcttert worden. Von vier Tieren werden die Skelette demnach f\u00fcr ein Museum pr\u00e4pariert, zwei Affen waren bereits bei der Narkose vor der T\u00f6tung gestorben. Sie wurden zur Kl\u00e4rung der Todesursache an die Pathologie \u00fcbergeben und sollen nicht verf\u00fcttert werden.<\/p>\n<p>Beckmann betonte, der Tiergarten habe im Vorfeld kommuniziert, dass sie die Paviane nach der T\u00f6tung verf\u00fcttern wollten. &#8222;Diese Transparenz behalten wir bei und dazu stehen wir.&#8220; Als Gr\u00fcnde der Verf\u00fctterung f\u00fchrte Beckmann unter anderem an, dass Tierk\u00f6rper mit Fell und Knochen f\u00fcr die Zahngesundheit von Beutegreifern besser seien als alle anderen Futtermittel. &#8222;Dadurch muss unseren Tieren, im Gegensatz zu vielen Haustieren, nicht unter Vollnarkose Zahnstein entfernt werden.&#8220;<\/p>\n<p>Die Ganzk\u00f6rperf\u00fctterung stelle zudem eine nat\u00fcrliche Besch\u00e4ftigung f\u00fcr die Raubtiere dar, sie m\u00fcssten sich ihr Futter erarbeiten. &#8222;Die Evolution hat sie extra daf\u00fcr mit entsprechenden Krallen und Z\u00e4hnen ausgestattet. Keine Naturdoku \u00fcber gro\u00dfe Raubtiere, in denen sie nicht spektakul\u00e4r Beute schlagen oder zumindest am Riss fressen.&#8220;<\/p>\n<p>Aktivisten fordern Ende von Zucht<\/p>\n<p>Der Tiergarten hatte in der Vorwoche zw\u00f6lf Paviane aus Platzgr\u00fcnden get\u00f6tet. Demnach war das Gehege seit langem \u00fcberf\u00fcllt und eine tierschutzkonforme Haltung nicht mehr m\u00f6glich. Eine Abgabe der \u00fcberz\u00e4hligen Tiere sei nicht m\u00f6glich gewesen, auch Verh\u00fctungsma\u00dfnahmen bei den Weibchen h\u00e4tten in der Vergangenheit nicht den gew\u00fcnschten Erfolg gebracht.<\/p>\n<p>Tierschutzaktivisten kritisierten den Tiergarten daraufhin scharf. Bei der Staatsanwaltschaft N\u00fcrnberg-F\u00fcrth ging eine dreistellige Anzahl an Anzeigen wegen der mutma\u00dflich illegalen T\u00f6tung der Tiere ein. Die Beh\u00f6rde pr\u00fcft den Sachverhalt laut einer Sprecherin.<\/p>\n<p>Die Gruppe &#8222;Animal Rebellion&#8220; hat damit begonnen, ein Protestcamp in der N\u00e4he des Tiergartens aufzubauen. Das Camp soll bis zum kommenden Montag bestehen bleiben. Die Gruppe will nach eigenen Angaben unter anderem erreichen, dass keine weiteren Affen get\u00f6tet werden d\u00fcrfen. Zudem solle die Zucht eingestellt werden. Der Tiergarten teilte dazu mit: &#8222;Jeder Protest, der friedlich bleibt, ist f\u00fcr uns in Ordnung.&#8220;<\/p>\n","protected":false},"excerpt":{"rendered":"Skelette kommen in Museum In N\u00fcrnberg get\u00f6tete Paviane an Raubtiere verf\u00fcttert 04.08.2025, 14:09 Uhr Artikel anh\u00f6ren Diese Audioversion&hellip;\n","protected":false},"author":2,"featured_media":318353,"comment_status":"","ping_status":"","sticky":false,"template":"","format":"standard","meta":{"footnotes":""},"categories":[1837],"tags":[772,3364,29,30,984,3783,159,1886,6500],"class_list":{"0":"post-318352","1":"post","2":"type-post","3":"status-publish","4":"format-standard","5":"has-post-thumbnail","7":"category-nuernberg","8":"tag-bayern","9":"tag-de","10":"tag-deutschland","11":"tag-germany","12":"tag-international","13":"tag-nuernberg","14":"tag-proteste","15":"tag-tiere","16":"tag-zoo"},"share_on_mastodon":{"url":"https:\/\/pubeurope.com\/@de\/114970621847487039","error":""},"_links":{"self":[{"href":"https:\/\/www.europesays.com\/de\/wp-json\/wp\/v2\/posts\/318352","targetHints":{"allow":["GET"]}}],"collection":[{"href":"https:\/\/www.europesays.com\/de\/wp-json\/wp\/v2\/posts"}],"about":[{"href":"https:\/\/www.europesays.com\/de\/wp-json\/wp\/v2\/types\/post"}],"author":[{"embeddable":true,"href":"https:\/\/www.europesays.com\/de\/wp-json\/wp\/v2\/users\/2"}],"replies":[{"embeddable":true,"href":"https:\/\/www.europesays.com\/de\/wp-json\/wp\/v2\/comments?post=318352"}],"version-history":[{"count":0,"href":"https:\/\/www.europesays.com\/de\/wp-json\/wp\/v2\/posts\/318352\/revisions"}],"wp:featuredmedia":[{"embeddable":true,"href":"https:\/\/www.europesays.com\/de\/wp-json\/wp\/v2\/media\/318353"}],"wp:attachment":[{"href":"https:\/\/www.europesays.com\/de\/wp-json\/wp\/v2\/media?parent=318352"}],"wp:term":[{"taxonomy":"category","embeddable":true,"href":"https:\/\/www.europesays.com\/de\/wp-json\/wp\/v2\/categories?post=318352"},{"taxonomy":"post_tag","embeddable":true,"href":"https:\/\/www.europesays.com\/de\/wp-json\/wp\/v2\/tags?post=318352"}],"curies":[{"name":"wp","href":"https:\/\/api.w.org\/{rel}","templated":true}]}}