{"id":318380,"date":"2025-08-04T13:13:10","date_gmt":"2025-08-04T13:13:10","guid":{"rendered":"https:\/\/www.europesays.com\/de\/318380\/"},"modified":"2025-08-04T13:13:10","modified_gmt":"2025-08-04T13:13:10","slug":"frau-21-wird-im-re1-sexuell-belaestigt","status":"publish","type":"post","link":"https:\/\/www.europesays.com\/de\/318380\/","title":{"rendered":"Frau (21) wird im RE1 sexuell bel\u00e4stigt"},"content":{"rendered":"<p class=\"font-sans font-medium\">D\u00fcsseldorf. Eine 21-j\u00e4hrige Frau ist von einem Mann in einem Regionalexpress zwischen K\u00f6ln und D\u00fcsseldorf sexuell bel\u00e4stigt worden. Nun ermittelt die Polizei.<\/p>\n<p class=\"\">Eine junge Frau ist am fr\u00fchen Sonntagmorgen (3. August) <a href=\"https:\/\/www.nrz.de\/staedte\/duesseldorf\/article241601924\/Mann-randaliert-in-S-Bahn-und-zieht-Notbremse-Festnahme.html\" data-category-full-path=\"\/staedte\/duesseldorf\/\" data-paid-status=\"default\" data-article-publish-date=\"1707309108\" target=\"_blank\" rel=\"nofollow noopener\">in einem Regionalexpress zwischen K\u00f6ln und D\u00fcsseldorf<\/a> sexuell bel\u00e4stigt worden. Um sich gegen den T\u00e4ter zu wehren, setzte sie Pfefferspray ein. Nun ermittelt die Bundespolizei.<\/p>\n<p>   D\u00fcsseldorf-Newsletter: Jetzt kostenlos anmelden!<\/p>\n<p class=\"text-body2 mt-2\">Nachrichten, Service, Reportagen: Jeden Tag wissen, was in unserer Stadt los ist.<\/p>\n<p class=\"text-caption text-copy-secondary\">\n          Mit meiner Anmeldung zum Newsletter stimme ich der<br \/>\n          <a href=\"https:\/\/www.nrz.de\/services\/newsletter-adconsent\" class=\"text-overline text-copy-accent-negative dark:underline\" rel=\"nofollow noopener\" target=\"_blank\">Werbevereinbarung<\/a><br \/>\n          zu.\n        <\/p>\n<p class=\"\"><a href=\"https:\/\/www.nrz.de\/lokales\/duesseldorf\/article406919277\/mann-23-attackiert-familie-im-zug-nothalt-in-duesseldorf.html\" data-category-full-path=\"https:\/\/www.nrz.de\/lokales\/duesseldorf\/\" data-paid-status=\"default\" data-article-publish-date=\"1722438894\" rel=\"nofollow noopener\" target=\"_blank\">Die 21-J\u00e4hrige war mit ihren Freundinnen (21, 27) um 4.10 Uhr im Zug<\/a> RE1 (26801) auf dem Heimweg nach Neuss, als ein 31-j\u00e4hriger Mann ihr ans Bein gefasst haben soll. Trotz mehrfacher Aufforderung habe der Mann nicht aufgeh\u00f6rt. Um sich zu verteidigen, hat die junge Frau Pfefferspray eingesetzt.<\/p>\n<p class=\"\">+++ <a href=\"https:\/\/www.instagram.com\/nrz_duesseldorf\/\" target=\"_blank\" rel=\"nofollow noopener\">Folgen Sie der NRZ D\u00fcsseldorf jetzt auch bei Instagram!<\/a> +++<\/p>\n<p class=\"\">Die hinzugerufene Bundespolizei stoppte den \u00dcbergriff, sprach m\u00fcndliche Belehrungen aus und stellte das Pfefferspray sowie Videoaufnahmen im Zug sicher. Der beschuldigte Mann wurde am D\u00fcsseldorfer Hauptbahnhof medizinisch versorgt und mit einem Rettungswagen ins Krankenhaus gebracht. <\/p>\n<p class=\"\">Die Frau und ihre Freundinnen wurden am Bahngleis von der Polizei entlassen. Die Bundespolizei ermittelt nun wegen sexueller Bel\u00e4stigung und weiterer m\u00f6glicher Straftatbest\u00e4nde.<\/p>\n<p>  <script async src=\"\/\/www.instagram.com\/embed.js\"><\/script><\/p>\n","protected":false},"excerpt":{"rendered":"D\u00fcsseldorf. Eine 21-j\u00e4hrige Frau ist von einem Mann in einem Regionalexpress zwischen K\u00f6ln und D\u00fcsseldorf sexuell bel\u00e4stigt worden.&hellip;\n","protected":false},"author":2,"featured_media":318381,"comment_status":"","ping_status":"","sticky":false,"template":"","format":"standard","meta":{"footnotes":""},"categories":[1831],"tags":[3364,29,3405,30,1209],"class_list":{"0":"post-318380","1":"post","2":"type-post","3":"status-publish","4":"format-standard","5":"has-post-thumbnail","7":"category-duesseldorf","8":"tag-de","9":"tag-deutschland","10":"tag-duesseldorf","11":"tag-germany","12":"tag-nordrhein-westfalen"},"share_on_mastodon":{"url":"https:\/\/pubeurope.com\/@de\/114970676792344031","error":""},"_links":{"self":[{"href":"https:\/\/www.europesays.com\/de\/wp-json\/wp\/v2\/posts\/318380","targetHints":{"allow":["GET"]}}],"collection":[{"href":"https:\/\/www.europesays.com\/de\/wp-json\/wp\/v2\/posts"}],"about":[{"href":"https:\/\/www.europesays.com\/de\/wp-json\/wp\/v2\/types\/post"}],"author":[{"embeddable":true,"href":"https:\/\/www.europesays.com\/de\/wp-json\/wp\/v2\/users\/2"}],"replies":[{"embeddable":true,"href":"https:\/\/www.europesays.com\/de\/wp-json\/wp\/v2\/comments?post=318380"}],"version-history":[{"count":0,"href":"https:\/\/www.europesays.com\/de\/wp-json\/wp\/v2\/posts\/318380\/revisions"}],"wp:featuredmedia":[{"embeddable":true,"href":"https:\/\/www.europesays.com\/de\/wp-json\/wp\/v2\/media\/318381"}],"wp:attachment":[{"href":"https:\/\/www.europesays.com\/de\/wp-json\/wp\/v2\/media?parent=318380"}],"wp:term":[{"taxonomy":"category","embeddable":true,"href":"https:\/\/www.europesays.com\/de\/wp-json\/wp\/v2\/categories?post=318380"},{"taxonomy":"post_tag","embeddable":true,"href":"https:\/\/www.europesays.com\/de\/wp-json\/wp\/v2\/tags?post=318380"}],"curies":[{"name":"wp","href":"https:\/\/api.w.org\/{rel}","templated":true}]}}