{"id":318382,"date":"2025-08-04T13:14:14","date_gmt":"2025-08-04T13:14:14","guid":{"rendered":"https:\/\/www.europesays.com\/de\/318382\/"},"modified":"2025-08-04T13:14:14","modified_gmt":"2025-08-04T13:14:14","slug":"am-hauptbahnhof-stuttgart-unbekannter-entbloesst-sich-vor-reisenden-und-masturbiert-zeugen-gesucht","status":"publish","type":"post","link":"https:\/\/www.europesays.com\/de\/318382\/","title":{"rendered":"Am Hauptbahnhof Stuttgart: Unbekannter entbl\u00f6\u00dft sich vor Reisenden und masturbiert \u2013 Zeugen gesucht"},"content":{"rendered":"<p>\t\t\t\t\t\t\t\t\t\t\t\t\t\t\t\t\t\t\t\t\t\t\t\t\t\t\t\t      \t\t            \t\t             \t\t\t\t   \t\t\t\t\t   <img decoding=\"async\" id=\"article-image\" fetchpriority=\"high\" alt=\"Am Hauptbahnhof Stuttgart: Unbekannter entbl\u00f6\u00dft sich vor Reisenden und masturbiert \u2013 Zeugen gesucht\" title=\"Am Hauptbahnhof Stuttgart: Unbekannter entbl\u00f6\u00dft sich vor Reisenden und masturbiert \u2013 Zeugen gesucht\" src=\"https:\/\/www.europesays.com\/de\/wp-content\/uploads\/2025\/08\/media.media.2caf9662-431f-4dbf-ac7b-ff9e8acaa2f7.16x9_700.jpg\" data-linkto=\"https:\/\/www.stuttgarter-nachrichten.de\/javascript:void(0);\"\/>\t\t\t\t\t\t\t\t\t\t\t\t\t\t\t\t\t\t\t\t\t\t\t\tEin noch Unbekannter soll sich am Stuttgarter Hauptbahnhof unter anderem entbl\u00f6\u00dft haben. (Symbolbild)\u00a0Foto: Christoph Schmidt\/dpa\t\t\t<\/p>\n<p>Ein 59-J\u00e4hriger ist am Sonntagabend am Stuttgarter Hauptbahnhof unterwegs. Dann bemerkt er, wie ein noch Unbekannter ihn beobachtet \u2013 und masturbiert.<\/p>\n<p>Ein noch Unbekannter soll sich am Sonntagabend am <a href=\"https:\/\/www.stuttgarter-nachrichten.de\/thema\/Hauptbahnhof_Stuttgart\" title=\"Stuttgarter Hauptbahnhof\" class=\"art_thema\" rel=\"nofollow noopener\" target=\"_blank\">Stuttgarter Hauptbahnhof<\/a> entbl\u00f6\u00dft und anschlie\u00dfend vor einem Reisenden masturbiert haben. Die <a href=\"https:\/\/www.stuttgarter-nachrichten.de\/thema\/Polizei\" title=\"Polizei\" class=\"art_thema\" rel=\"nofollow noopener\" target=\"_blank\">Polizei<\/a> sucht weitere <a href=\"https:\/\/www.stuttgarter-nachrichten.de\/thema\/Zeugen\" title=\"Zeugen\" class=\"art_thema\" rel=\"nofollow noopener\" target=\"_blank\">Zeugen<\/a>. <\/p>\n<p>Zeugenaussagen zufolge befand sich der Unbekannte am Querbahnsteig auf H\u00f6he Gleis 7, als er gegen 19.10 Uhr sein Geschlechtsteil entbl\u00f6\u00dfte. Im weiteren Verlauf soll er einen 59 Jahre alten Reisenden beobachtet und masturbiert haben. <\/p>\n<p>Unbekannter masturbiert am Stuttgarter Hauptbahnhof <\/p>\n<p>Noch bevor die alarmierte Polizei eintraf, entfernte sich der Mann in unbekannte Richtung. Der 59-J\u00e4hrige beschreibt den Tatverd\u00e4chtigen als einen etwa 1,80 Meter gro\u00dfen Mann mit indischem Aussehen, sowie schwarzem Bart und schwarzen Haaren. Zur Tatzeit soll er komplett gr\u00fcn bekleidet gewesen sein.<\/p>\n","protected":false},"excerpt":{"rendered":"Ein noch Unbekannter soll sich am Stuttgarter Hauptbahnhof unter anderem entbl\u00f6\u00dft haben. (Symbolbild)\u00a0Foto: Christoph Schmidt\/dpa Ein 59-J\u00e4hriger ist&hellip;\n","protected":false},"author":2,"featured_media":318383,"comment_status":"","ping_status":"","sticky":false,"template":"","format":"standard","meta":{"footnotes":""},"categories":[1830],"tags":[1634,3364,29,30,9636,121,8248,1441,18960,4996,4578],"class_list":{"0":"post-318382","1":"post","2":"type-post","3":"status-publish","4":"format-standard","5":"has-post-thumbnail","7":"category-stuttgart","8":"tag-baden-wuerttemberg","9":"tag-de","10":"tag-deutschland","11":"tag-germany","12":"tag-hauptbahnhof-stuttgart","13":"tag-polizei","14":"tag-polizeibericht-stuttgart","15":"tag-stuttgart","16":"tag-stuttgart-mitte","17":"tag-zeugen","18":"tag-zeugenaufruf"},"share_on_mastodon":{"url":"https:\/\/pubeurope.com\/@de\/114970680793010073","error":""},"_links":{"self":[{"href":"https:\/\/www.europesays.com\/de\/wp-json\/wp\/v2\/posts\/318382","targetHints":{"allow":["GET"]}}],"collection":[{"href":"https:\/\/www.europesays.com\/de\/wp-json\/wp\/v2\/posts"}],"about":[{"href":"https:\/\/www.europesays.com\/de\/wp-json\/wp\/v2\/types\/post"}],"author":[{"embeddable":true,"href":"https:\/\/www.europesays.com\/de\/wp-json\/wp\/v2\/users\/2"}],"replies":[{"embeddable":true,"href":"https:\/\/www.europesays.com\/de\/wp-json\/wp\/v2\/comments?post=318382"}],"version-history":[{"count":0,"href":"https:\/\/www.europesays.com\/de\/wp-json\/wp\/v2\/posts\/318382\/revisions"}],"wp:featuredmedia":[{"embeddable":true,"href":"https:\/\/www.europesays.com\/de\/wp-json\/wp\/v2\/media\/318383"}],"wp:attachment":[{"href":"https:\/\/www.europesays.com\/de\/wp-json\/wp\/v2\/media?parent=318382"}],"wp:term":[{"taxonomy":"category","embeddable":true,"href":"https:\/\/www.europesays.com\/de\/wp-json\/wp\/v2\/categories?post=318382"},{"taxonomy":"post_tag","embeddable":true,"href":"https:\/\/www.europesays.com\/de\/wp-json\/wp\/v2\/tags?post=318382"}],"curies":[{"name":"wp","href":"https:\/\/api.w.org\/{rel}","templated":true}]}}